{"id":1003,"date":"2015-10-17T15:01:57","date_gmt":"2015-10-17T13:01:57","guid":{"rendered":"http:\/\/uli-freese.de\/neu\/2015\/10\/17\/gedenkandacht-in-spremberg-war-mir-eine-herzensangelegenheit\/"},"modified":"2018-01-22T16:06:26","modified_gmt":"2018-01-22T15:06:26","slug":"gedenkandacht-in-spremberg-war-mir-eine-herzensangelegenheit","status":"publish","type":"post","link":"https:\/\/uli-freese.de\/neu\/2015\/10\/17\/gedenkandacht-in-spremberg-war-mir-eine-herzensangelegenheit\/","title":{"rendered":"Gedenkandacht in Spremberg war mir eine Herzensangelegenheit"},"content":{"rendered":"<p><img loading=\"lazy\" class=\" alignright size-full wp-image-1002\" style=\"float: right;\" title=\"Gedenkandacht in der Kreuzkirche Spremberg\" src=\"http:\/\/uli-freese.de\/neu\/wp-content\/uploads\/2015\/10\/20151017_SPB_Gottesdienst.JPG\" alt=\"(Foto: B\u00fcrgerb\u00fcro MdB Freese, D. S\u00fc\u00dfmilch)\" width=\"300\" height=\"400\" srcset=\"https:\/\/uli-freese.de\/neu\/wp-content\/uploads\/2015\/10\/20151017_SPB_Gottesdienst.JPG 1000w, https:\/\/uli-freese.de\/neu\/wp-content\/uploads\/2015\/10\/20151017_SPB_Gottesdienst-225x300.jpg 225w, https:\/\/uli-freese.de\/neu\/wp-content\/uploads\/2015\/10\/20151017_SPB_Gottesdienst-768x1024.jpg 768w\" sizes=\"(max-width: 300px) 100vw, 300px\" \/>Am Samstag war ich gemeinsam mit einigen Sozialdemokratinnen und Sozialdemokraten aus Spremberg, sowie der B\u00fcrgermeisterin Christine Herntier und SPN-Sozialdezernent Hermann Kostrewa, einer von rund 150 Besuchern einer Gebetsandacht in der Kreuzkirche. Zu dieser hatte Pfarrer Wolfgang Selchow eingeladen.<\/p>\n<p>Es war eine sehr getragene Stimmung, der Drebkauer Pfarrer fand die richtigen Worte. Seine Predigttexte waren sehr auf das Thema bezogen. Er zitierte unter anderem auch Redeteile von Martin Lutther Kings &#8222;I have a Dream&#8220;-Rede und wies damit auf die Parallelen zur Rassendiskiminierung und dem Traum hin, den Martin Luther King damals hatte. Au\u00dferdem verwies Pfarrer Selchow auf den Liedtext des Songs &#8222;Aller Herren L\u00e4nder&#8220; von Heinz Rudolf Kunze, der selbst in einem Fl\u00fcchtlingsheim geboren wurde, nachdem sein aus Guben stammender Vater 1956 dort aus Kriegsgefangenschaft aufgenommen wurde.&nbsp;<\/p>\n<p>Hier drei Links zum Klicken und Nachdenken, die alle im Kontext zur Gebetsandacht am Samstag in Spremberg stehen:<\/p>\n<p>Liedtext Heinz-Rudolf Kunze:&nbsp;<br \/><a href=\"https:\/\/www.youtube.com\/watch?v=MLpPLGotHcE&amp;feature=youtu.be\" rel=\"nofollow nofollow\" target=\"_blank\">https:\/\/www.youtube.com\/watch?v=MLpPLGotHcE&amp;feature=youtu.be<\/a><\/p>\n<p>Martin Luther Kings &#8222;I Have A Dream&#8220;:<a href=\"http:\/\/usa.usembassy.de\/etexts\/soc\/traum.htm\" rel=\"nofollow nofollow\" target=\"_blank\">http:\/\/usa.usembassy.de\/etexts\/soc\/traum.htm<\/a><\/p>\n<p>aus &#8222;Des Teufels General&#8220; von Carl Zuckmayer:<a href=\"https:\/\/www.youtube.com\/watch?v=2vSasEZpyVc&amp;feature=youtu.be\" rel=\"nofollow nofollow\" target=\"_blank\">https:\/\/www.youtube.com\/watch?v=2vSasEZpyVc&amp;feature=youtu.be<\/a><\/p>\n<p>F\u00fcr mich war die Teilnahme eine Herzensangelegenheit, um auf diese Weise gegen die Rechten zu demonstrieren, die sich zeitgleich am Markt versammelten. Diese versuchten dort unter den B\u00fcrgerinnen und B\u00fcrgern durch Redebeitr\u00e4ge Angst zu verbreiten.<\/p>\n","protected":false},"excerpt":{"rendered":"<p>Am Samstag war ich gemeinsam mit einigen Sozialdemokratinnen und Sozialdemokraten aus Spremberg, sowie der B\u00fcrgermeisterin Christine Herntier und SPN-Sozialdezernent Hermann Kostrewa, einer von rund 150 Besuchern einer Gebetsandacht in der Kreuzkirche. Zu dieser hatte Pfarrer Wolfgang Selchow eingeladen. Es war eine sehr getragene Stimmung, der Drebkauer Pfarrer fand die richtigen Worte. Seine Predigttexte waren sehr [&hellip;]<\/p>\n","protected":false},"author":1,"featured_media":1001,"comment_status":"closed","ping_status":"open","sticky":false,"template":"","format":"standard","meta":[],"categories":[3],"tags":[],"_links":{"self":[{"href":"https:\/\/uli-freese.de\/neu\/wp-json\/wp\/v2\/posts\/1003"}],"collection":[{"href":"https:\/\/uli-freese.de\/neu\/wp-json\/wp\/v2\/posts"}],"about":[{"href":"https:\/\/uli-freese.de\/neu\/wp-json\/wp\/v2\/types\/post"}],"author":[{"embeddable":true,"href":"https:\/\/uli-freese.de\/neu\/wp-json\/wp\/v2\/users\/1"}],"replies":[{"embeddable":true,"href":"https:\/\/uli-freese.de\/neu\/wp-json\/wp\/v2\/comments?post=1003"}],"version-history":[{"count":1,"href":"https:\/\/uli-freese.de\/neu\/wp-json\/wp\/v2\/posts\/1003\/revisions"}],"predecessor-version":[{"id":2051,"href":"https:\/\/uli-freese.de\/neu\/wp-json\/wp\/v2\/posts\/1003\/revisions\/2051"}],"wp:featuredmedia":[{"embeddable":true,"href":"https:\/\/uli-freese.de\/neu\/wp-json\/wp\/v2\/media\/1001"}],"wp:attachment":[{"href":"https:\/\/uli-freese.de\/neu\/wp-json\/wp\/v2\/media?parent=1003"}],"wp:term":[{"taxonomy":"category","embeddable":true,"href":"https:\/\/uli-freese.de\/neu\/wp-json\/wp\/v2\/categories?post=1003"},{"taxonomy":"post_tag","embeddable":true,"href":"https:\/\/uli-freese.de\/neu\/wp-json\/wp\/v2\/tags?post=1003"}],"curies":[{"name":"wp","href":"https:\/\/api.w.org\/{rel}","templated":true}]}}