{"id":1005,"date":"2015-10-21T09:18:31","date_gmt":"2015-10-21T07:18:31","guid":{"rendered":"http:\/\/uli-freese.de\/neu\/2015\/10\/21\/deutschlandradio-greenpeace-will-braunkohletagebau-uebernehmen-mehr-als-nur-ein-pr-gag\/"},"modified":"2018-01-22T16:06:26","modified_gmt":"2018-01-22T15:06:26","slug":"deutschlandradio-greenpeace-will-braunkohletagebau-uebernehmen-mehr-als-nur-ein-pr-gag","status":"publish","type":"post","link":"https:\/\/uli-freese.de\/neu\/2015\/10\/21\/deutschlandradio-greenpeace-will-braunkohletagebau-uebernehmen-mehr-als-nur-ein-pr-gag\/","title":{"rendered":"Deutschlandradio: &#8222;Greenpeace will Braunkohletagebau \u00fcbernehmen: Mehr als nur ein PR-Gag?&#8220;"},"content":{"rendered":"<p><img loading=\"lazy\" class=\" alignright size-full wp-image-1004\" style=\"float: right;\" title=\"Ulrich Freese, MdB (Archivfoto)\" src=\"http:\/\/uli-freese.de\/neu\/wp-content\/uploads\/2015\/10\/Freese_Ulrich_QFk.jpg\" alt=\"(Foto: SPD ParteivorstandSusie Knoll, Florian Jaenicke)\" width=\"300\" height=\"215\" srcset=\"https:\/\/uli-freese.de\/neu\/wp-content\/uploads\/2015\/10\/Freese_Ulrich_QFk.jpg 1813w, https:\/\/uli-freese.de\/neu\/wp-content\/uploads\/2015\/10\/Freese_Ulrich_QFk-300x215.jpg 300w, https:\/\/uli-freese.de\/neu\/wp-content\/uploads\/2015\/10\/Freese_Ulrich_QFk-768x551.jpg 768w, https:\/\/uli-freese.de\/neu\/wp-content\/uploads\/2015\/10\/Freese_Ulrich_QFk-1024x734.jpg 1024w\" sizes=\"(max-width: 300px) 100vw, 300px\" \/>&#8222;Greenpeace will Braunkohletagebau \u00fcbernehmen: Mehr als nur ein PR-Gag?&#8220; war der Titel des gestrigen Beitrags von Deutschlandradio-Autor Dieter N\u00fcrnberger nach der Pressekonferenz von&nbsp;<a href=\"https:\/\/www.facebook.com\/hashtag\/greenpeace?source=feed_text&amp;story_id=1076248545719742\" data-ft=\"{&quot;tn&quot;:&quot;*N&quot;,&quot;type&quot;:104}\">\u202a#\u200eGreenpeace\u202c<\/a>&nbsp;zu ihrem Interesse an der&nbsp;<a href=\"https:\/\/www.facebook.com\/hashtag\/braunkohle?source=feed_text&amp;story_id=1076248545719742\" data-ft=\"{&quot;tn&quot;:&quot;*N&quot;,&quot;type&quot;:104}\">\u202a#\u200eBraunkohle\u202c<\/a>-Sparte von&nbsp;<a href=\"https:\/\/www.facebook.com\/hashtag\/vattenfall?source=feed_text&amp;story_id=1076248545719742\" data-ft=\"{&quot;tn&quot;:&quot;*N&quot;,&quot;type&quot;:104}\">\u202a#\u200eVattenfall\u202c<\/a>.<\/p>\n<p>Ich habe unter anderem gesagt, dass ich mich weniger mit den Absichten von Greenpeace auseinandersetzen w\u00fcrde, sondern mehr mit den Zukunftsm\u00f6glichkeiten, die in unserer Region hinterlegt sind. Den kompletten DR-Beitrag gibt es hier noch einmal zum Nachh\u00f6ren:<\/p>\n<p><a href=\"http:\/\/ondemand-mp3.dradio.de\/file\/dradio\/2015\/10\/20\/dlf_20151020_1150_e8e5054d.mp3\" target=\"_blank\">Externer Link zum Deutschlandradio Beitrag (mp3)<\/a><\/p>\n","protected":false},"excerpt":{"rendered":"<p>&#8222;Greenpeace will Braunkohletagebau \u00fcbernehmen: Mehr als nur ein PR-Gag?&#8220; war der Titel des gestrigen Beitrags von Deutschlandradio-Autor Dieter N\u00fcrnberger nach der Pressekonferenz von&nbsp;\u202a#\u200eGreenpeace\u202c&nbsp;zu ihrem Interesse an der&nbsp;\u202a#\u200eBraunkohle\u202c-Sparte von&nbsp;\u202a#\u200eVattenfall\u202c. Ich habe unter anderem gesagt, dass ich mich weniger mit den Absichten von Greenpeace auseinandersetzen w\u00fcrde, sondern mehr mit den Zukunftsm\u00f6glichkeiten, die in unserer Region hinterlegt sind. [&hellip;]<\/p>\n","protected":false},"author":1,"featured_media":1004,"comment_status":"closed","ping_status":"open","sticky":false,"template":"","format":"standard","meta":[],"categories":[5],"tags":[],"_links":{"self":[{"href":"https:\/\/uli-freese.de\/neu\/wp-json\/wp\/v2\/posts\/1005"}],"collection":[{"href":"https:\/\/uli-freese.de\/neu\/wp-json\/wp\/v2\/posts"}],"about":[{"href":"https:\/\/uli-freese.de\/neu\/wp-json\/wp\/v2\/types\/post"}],"author":[{"embeddable":true,"href":"https:\/\/uli-freese.de\/neu\/wp-json\/wp\/v2\/users\/1"}],"replies":[{"embeddable":true,"href":"https:\/\/uli-freese.de\/neu\/wp-json\/wp\/v2\/comments?post=1005"}],"version-history":[{"count":1,"href":"https:\/\/uli-freese.de\/neu\/wp-json\/wp\/v2\/posts\/1005\/revisions"}],"predecessor-version":[{"id":2049,"href":"https:\/\/uli-freese.de\/neu\/wp-json\/wp\/v2\/posts\/1005\/revisions\/2049"}],"wp:featuredmedia":[{"embeddable":true,"href":"https:\/\/uli-freese.de\/neu\/wp-json\/wp\/v2\/media\/1004"}],"wp:attachment":[{"href":"https:\/\/uli-freese.de\/neu\/wp-json\/wp\/v2\/media?parent=1005"}],"wp:term":[{"taxonomy":"category","embeddable":true,"href":"https:\/\/uli-freese.de\/neu\/wp-json\/wp\/v2\/categories?post=1005"},{"taxonomy":"post_tag","embeddable":true,"href":"https:\/\/uli-freese.de\/neu\/wp-json\/wp\/v2\/tags?post=1005"}],"curies":[{"name":"wp","href":"https:\/\/api.w.org\/{rel}","templated":true}]}}