{"id":1016,"date":"2015-11-02T16:05:12","date_gmt":"2015-11-02T15:05:12","guid":{"rendered":"http:\/\/uli-freese.de\/neu\/2015\/11\/02\/besucher-der-e-dis-ag-aus-dem-betreuungswahlkreis\/"},"modified":"2018-01-22T16:06:15","modified_gmt":"2018-01-22T15:06:15","slug":"besucher-der-e-dis-ag-aus-dem-betreuungswahlkreis","status":"publish","type":"post","link":"https:\/\/uli-freese.de\/neu\/2015\/11\/02\/besucher-der-e-dis-ag-aus-dem-betreuungswahlkreis\/","title":{"rendered":"Besucher der E.DIS AG aus dem Betreuungswahlkreis"},"content":{"rendered":"<p>Am 2. November&nbsp;besuchte Andreas Reichel, Mitglied des Vorstandes der E.DIS AG mit Mitarbeitern des Unternehmens aus dem Betreuungswahlkreis F\u00fcrstenwalde\/Spree den Lausitzer Bundestagsabgeordneten Ulrich Freese in Berlin.<\/p>\n<p><img loading=\"lazy\" class=\" alignright size-full wp-image-1015\" style=\"float: right;\" title=\"Besuchergruppe E.DIS AG aus dem Betreuungswahlkreis von MdB Freese zu Gast in der Deutschen Parlamentarischen Gesellschaft gegen\u00fcber vom Reichstag\" src=\"http:\/\/uli-freese.de\/neu\/wp-content\/uploads\/2015\/11\/20151102_Besuchergruppe_EDISAG_DPG.jpg\" alt=\"(Foto: Bundestagsb\u00fcro MdB Freese, M. Pean)\" width=\"300\" height=\"176\" srcset=\"https:\/\/uli-freese.de\/neu\/wp-content\/uploads\/2015\/11\/20151102_Besuchergruppe_EDISAG_DPG.jpg 1000w, https:\/\/uli-freese.de\/neu\/wp-content\/uploads\/2015\/11\/20151102_Besuchergruppe_EDISAG_DPG-300x176.jpg 300w, https:\/\/uli-freese.de\/neu\/wp-content\/uploads\/2015\/11\/20151102_Besuchergruppe_EDISAG_DPG-768x449.jpg 768w\" sizes=\"(max-width: 300px) 100vw, 300px\" \/>In der Deutschen Parlamentarischen Gesellschaft trafen sich der Abgeordnete und die Besuchergruppe zu einem ausf\u00fchrlichen Gespr\u00e4ch mit Informationen zur parlamentarischen Arbeit und diskutierten dabei \u00fcber die Themen Freeses politischer Arbeit hier in Berlin und im Wahlkreis. Dabei ging es nat\u00fcrlich unter anderem um die &#8211; wie heute bekannt geworden beendeten &#8211; Greenpeace-Absichten im Braunkohle-Bereich aber auch um das aktuelle Thema Fl\u00fcchtlingspolitik.<\/p>\n<div>\n<p>Im Anschluss an das Gespr\u00e4ch ging es f\u00fcr die Gruppe dann mit einem Vortrag zur Parlamentsgeschichte auf der Besuchertrib\u00fcne des Plenarsaals im Reichstagsgeb\u00e4ude weiter, bevor der sonnige Ausblick auf der Dachterrasse genossen werden konnte.<\/p>\n<\/p><\/div>\n","protected":false},"excerpt":{"rendered":"<p>Am 2. November&nbsp;besuchte Andreas Reichel, Mitglied des Vorstandes der E.DIS AG mit Mitarbeitern des Unternehmens aus dem Betreuungswahlkreis F\u00fcrstenwalde\/Spree den Lausitzer Bundestagsabgeordneten Ulrich Freese in Berlin. In der Deutschen Parlamentarischen Gesellschaft trafen sich der Abgeordnete und die Besuchergruppe zu einem ausf\u00fchrlichen Gespr\u00e4ch mit Informationen zur parlamentarischen Arbeit und diskutierten dabei \u00fcber die Themen Freeses politischer [&hellip;]<\/p>\n","protected":false},"author":1,"featured_media":1015,"comment_status":"closed","ping_status":"open","sticky":false,"template":"","format":"standard","meta":[],"categories":[3],"tags":[],"_links":{"self":[{"href":"https:\/\/uli-freese.de\/neu\/wp-json\/wp\/v2\/posts\/1016"}],"collection":[{"href":"https:\/\/uli-freese.de\/neu\/wp-json\/wp\/v2\/posts"}],"about":[{"href":"https:\/\/uli-freese.de\/neu\/wp-json\/wp\/v2\/types\/post"}],"author":[{"embeddable":true,"href":"https:\/\/uli-freese.de\/neu\/wp-json\/wp\/v2\/users\/1"}],"replies":[{"embeddable":true,"href":"https:\/\/uli-freese.de\/neu\/wp-json\/wp\/v2\/comments?post=1016"}],"version-history":[{"count":1,"href":"https:\/\/uli-freese.de\/neu\/wp-json\/wp\/v2\/posts\/1016\/revisions"}],"predecessor-version":[{"id":2046,"href":"https:\/\/uli-freese.de\/neu\/wp-json\/wp\/v2\/posts\/1016\/revisions\/2046"}],"wp:featuredmedia":[{"embeddable":true,"href":"https:\/\/uli-freese.de\/neu\/wp-json\/wp\/v2\/media\/1015"}],"wp:attachment":[{"href":"https:\/\/uli-freese.de\/neu\/wp-json\/wp\/v2\/media?parent=1016"}],"wp:term":[{"taxonomy":"category","embeddable":true,"href":"https:\/\/uli-freese.de\/neu\/wp-json\/wp\/v2\/categories?post=1016"},{"taxonomy":"post_tag","embeddable":true,"href":"https:\/\/uli-freese.de\/neu\/wp-json\/wp\/v2\/tags?post=1016"}],"curies":[{"name":"wp","href":"https:\/\/api.w.org\/{rel}","templated":true}]}}