{"id":1222,"date":"2016-05-02T10:50:57","date_gmt":"2016-05-02T08:50:57","guid":{"rendered":"http:\/\/uli-freese.de\/neu\/2016\/05\/02\/der-1-mai-2016-zeit-fuer-mehr-solidaritaet\/"},"modified":"2018-01-22T16:05:29","modified_gmt":"2018-01-22T15:05:29","slug":"der-1-mai-2016-zeit-fuer-mehr-solidaritaet","status":"publish","type":"post","link":"https:\/\/uli-freese.de\/neu\/2016\/05\/02\/der-1-mai-2016-zeit-fuer-mehr-solidaritaet\/","title":{"rendered":"Der 1. Mai 2016: Zeit f\u00fcr mehr Solidarit\u00e4t"},"content":{"rendered":"<p><img loading=\"lazy\" class=\" size-full wp-image-1219\" title=\"Ulrich Freese w\u00e4hrend seiner Rede bei der 1. Mai-Veranstaltung der IG BCE Orstgruppe in Welzow\" src=\"http:\/\/uli-freese.de\/neu\/wp-content\/uploads\/2016\/05\/20160501_1_Mai_IGBCE_Welzow_5.JPG\" alt=\"(Foto: B\u00fcrgerb\u00fcro MdB Freese, Michael Heger)\" width=\"686\" height=\"458\" srcset=\"https:\/\/uli-freese.de\/neu\/wp-content\/uploads\/2016\/05\/20160501_1_Mai_IGBCE_Welzow_5.JPG 1000w, https:\/\/uli-freese.de\/neu\/wp-content\/uploads\/2016\/05\/20160501_1_Mai_IGBCE_Welzow_5-300x200.jpg 300w, https:\/\/uli-freese.de\/neu\/wp-content\/uploads\/2016\/05\/20160501_1_Mai_IGBCE_Welzow_5-768x512.jpg 768w\" sizes=\"(max-width: 686px) 100vw, 686px\" \/><br \/>&#8222;Zeit f\u00fcr mehr Solidarit\u00e4t&#8220; &#8211; so das Motto am 1. Mai! Das habe ich in meiner Rede bei der IG BCE in Welzow bekr\u00e4ftigt. Gerechte L\u00f6hne geh\u00f6ren genauso dazu, wie das Angleichen der Ost- und Westrente.&nbsp;<br \/><img loading=\"lazy\" class=\" alignright size-full wp-image-1220\" style=\"float: right;\" src=\"http:\/\/uli-freese.de\/neu\/wp-content\/uploads\/2016\/05\/20160501_1_Mai_IGBCE_Welzow_1.JPG\" alt=\"(Foto: B\u00fcrgerb\u00fcro MdB Freese, Michael Heger)\" width=\"300\" height=\"200\" srcset=\"https:\/\/uli-freese.de\/neu\/wp-content\/uploads\/2016\/05\/20160501_1_Mai_IGBCE_Welzow_1.JPG 1000w, https:\/\/uli-freese.de\/neu\/wp-content\/uploads\/2016\/05\/20160501_1_Mai_IGBCE_Welzow_1-300x200.jpg 300w, https:\/\/uli-freese.de\/neu\/wp-content\/uploads\/2016\/05\/20160501_1_Mai_IGBCE_Welzow_1-768x512.jpg 768w\" sizes=\"(max-width: 300px) 100vw, 300px\" \/>Au\u00dferdem habe ich klar die Wichtigkeit der Bergbau- und Energiewirtschaft f\u00fcr uns in der Lausitz unterstrichen. Dazu gibt es ein klares Signal: Ein neuer Eigent\u00fcmer, &#8222;der will&#8220;, und der auch die Traifvertr\u00e4ge, Betriebsr\u00e4te und Mitbestimmung anerkennt, weil er das auch Mitteldeutschland schon tut. Jetzt geht es darum, die Rahmenbedingungen der L\u00e4nder Brandenburg und Sachsen sowie des Bundes so zu gestalten, dass die M\u00f6glichkeiten der genehmigten Abbaugebiete genutzt werden k\u00f6nnen.&nbsp;<br \/>Passend zum Motto &#8222;Zeit f\u00fcr mehr Solidarit\u00e4t&#8220; habe ich das Engagement der Welzower bei der Integrationshilfe f\u00fcr Fl\u00fcchtlinge sehr gelobt, das was die Welzower leisten, sind die richtigen Zeichen! Zeichen f\u00fcr die solidarische und weltoffene Grundhaltung der Lausitz!<\/p>\n<div>\n<p><img loading=\"lazy\" class=\" alignright size-full wp-image-1221\" style=\"float: right;\" title=\"Siegerehrung des 12. Drebkauer Kreisels vor dem B\u00fcrgerhaus Kausche\" src=\"http:\/\/uli-freese.de\/neu\/wp-content\/uploads\/2016\/05\/20160501_Kausche_Drebkauer_Kreisel_4.JPG\" alt=\"(Foto: B\u00fcrgerb\u00fcro MdB Freese, Michael Heger)\" width=\"300\" height=\"200\" srcset=\"https:\/\/uli-freese.de\/neu\/wp-content\/uploads\/2016\/05\/20160501_Kausche_Drebkauer_Kreisel_4.JPG 1000w, https:\/\/uli-freese.de\/neu\/wp-content\/uploads\/2016\/05\/20160501_Kausche_Drebkauer_Kreisel_4-300x200.jpg 300w, https:\/\/uli-freese.de\/neu\/wp-content\/uploads\/2016\/05\/20160501_Kausche_Drebkauer_Kreisel_4-768x512.jpg 768w\" sizes=\"(max-width: 300px) 100vw, 300px\" \/>Im Anschluss an die Veranstaltung in Welzow habe ich auch die vom DGB organisierte 1. Mai Kundgebung auf dem Cottbuser &#8222;Heronplatz&#8220; besucht und bin dort mit Gewerkschaftern, Genossen und B\u00fcrgerinnen und B\u00fcrgern ins Gespr\u00e4ch gekommen.<\/p>\n<p>Am Abend durfte ich dann gemeinsam mit der Drebkauer Brunnenfee Sylvia, dem Drebkauer B\u00fcrgermeister und dem Ortsvorsteher von Kausche die Teilnehmerinnen und Teilnehmer des &#8222;12. Drebkauer Kreisel&#8220; vor dem Kauscher B\u00fcrgerhaus ehren und auszeichnen. Es war wieder ein gelungener Tag auf dem Rad, den ich gerne unterst\u00fctze.<\/p>\n<p>Weitere Fotos vom 1. Mai im Album auf meiner Facebookseite:<\/p>\n<p><iframe loading=\"lazy\" src=\"https:\/\/www.facebook.com\/plugins\/post.php?href=https%3A%2F%2Fwww.facebook.com%2Fmedia%2Fset%2F%3Fset%3Da.1185816381429624.1073741851.550158624995406%26type%3D3&#038;width=686\" width=\"686\" height=\"950\" style=\"border:none;overflow:hidden\" scrolling=\"no\" frameborder=\"0\" allowTransparency=\"true\"><\/iframe><\/p>\n<\/p><\/div>\n","protected":false},"excerpt":{"rendered":"<p>&#8222;Zeit f\u00fcr mehr Solidarit\u00e4t&#8220; &#8211; so das Motto am 1. Mai! Das habe ich in meiner Rede bei der IG BCE in Welzow bekr\u00e4ftigt. Gerechte L\u00f6hne geh\u00f6ren genauso dazu, wie das Angleichen der Ost- und Westrente.&nbsp;Au\u00dferdem habe ich klar die Wichtigkeit der Bergbau- und Energiewirtschaft f\u00fcr uns in der Lausitz unterstrichen. Dazu gibt es ein [&hellip;]<\/p>\n","protected":false},"author":1,"featured_media":1218,"comment_status":"closed","ping_status":"open","sticky":false,"template":"","format":"standard","meta":[],"categories":[3],"tags":[],"_links":{"self":[{"href":"https:\/\/uli-freese.de\/neu\/wp-json\/wp\/v2\/posts\/1222"}],"collection":[{"href":"https:\/\/uli-freese.de\/neu\/wp-json\/wp\/v2\/posts"}],"about":[{"href":"https:\/\/uli-freese.de\/neu\/wp-json\/wp\/v2\/types\/post"}],"author":[{"embeddable":true,"href":"https:\/\/uli-freese.de\/neu\/wp-json\/wp\/v2\/users\/1"}],"replies":[{"embeddable":true,"href":"https:\/\/uli-freese.de\/neu\/wp-json\/wp\/v2\/comments?post=1222"}],"version-history":[{"count":1,"href":"https:\/\/uli-freese.de\/neu\/wp-json\/wp\/v2\/posts\/1222\/revisions"}],"predecessor-version":[{"id":1978,"href":"https:\/\/uli-freese.de\/neu\/wp-json\/wp\/v2\/posts\/1222\/revisions\/1978"}],"wp:featuredmedia":[{"embeddable":true,"href":"https:\/\/uli-freese.de\/neu\/wp-json\/wp\/v2\/media\/1218"}],"wp:attachment":[{"href":"https:\/\/uli-freese.de\/neu\/wp-json\/wp\/v2\/media?parent=1222"}],"wp:term":[{"taxonomy":"category","embeddable":true,"href":"https:\/\/uli-freese.de\/neu\/wp-json\/wp\/v2\/categories?post=1222"},{"taxonomy":"post_tag","embeddable":true,"href":"https:\/\/uli-freese.de\/neu\/wp-json\/wp\/v2\/tags?post=1222"}],"curies":[{"name":"wp","href":"https:\/\/api.w.org\/{rel}","templated":true}]}}