{"id":1490,"date":"2017-01-31T13:52:00","date_gmt":"2017-01-31T12:52:00","guid":{"rendered":"http:\/\/uli-freese.de\/neu\/2017\/01\/31\/martin-schulz-wirkt-auch-in-cottbus-spd-begruesst-neumitglieder\/"},"modified":"2018-01-22T16:04:15","modified_gmt":"2018-01-22T15:04:15","slug":"martin-schulz-wirkt-auch-in-cottbus-spd-begruesst-neumitglieder","status":"publish","type":"post","link":"https:\/\/uli-freese.de\/neu\/2017\/01\/31\/martin-schulz-wirkt-auch-in-cottbus-spd-begruesst-neumitglieder\/","title":{"rendered":"Martin Schulz &#8222;wirkt&#8220; auch in Cottbus: SPD begr\u00fc\u00dft Neumitglieder!"},"content":{"rendered":"<p><img loading=\"lazy\" class=\" size-full wp-image-1489\" title=\"20170130 SPD CB Neujahrsempfang Neumitglieder Branko und Robert mit Kerstin Kircheis und Uli Freese\" src=\"http:\/\/uli-freese.de\/neu\/wp-content\/uploads\/2017\/01\/20170130_SPD_CB_Neujahrsempfang_Neumitglieder_Branko_und_Robert_mit_Uli_und_Kerstin_o.jpg\" alt=\"(Foto: B\u00fcrgerb\u00fcro MdB Freese, Michael Heger)\" width=\"686\" height=\"549\" srcset=\"https:\/\/uli-freese.de\/neu\/wp-content\/uploads\/2017\/01\/20170130_SPD_CB_Neujahrsempfang_Neumitglieder_Branko_und_Robert_mit_Uli_und_Kerstin_o.jpg 2048w, https:\/\/uli-freese.de\/neu\/wp-content\/uploads\/2017\/01\/20170130_SPD_CB_Neujahrsempfang_Neumitglieder_Branko_und_Robert_mit_Uli_und_Kerstin_o-300x240.jpg 300w, https:\/\/uli-freese.de\/neu\/wp-content\/uploads\/2017\/01\/20170130_SPD_CB_Neujahrsempfang_Neumitglieder_Branko_und_Robert_mit_Uli_und_Kerstin_o-768x615.jpg 768w, https:\/\/uli-freese.de\/neu\/wp-content\/uploads\/2017\/01\/20170130_SPD_CB_Neujahrsempfang_Neumitglieder_Branko_und_Robert_mit_Uli_und_Kerstin_o-1024x820.jpg 1024w\" sizes=\"(max-width: 686px) 100vw, 686px\" \/><\/p>\n<p>Cottbus. Zum Neujahrsempfang der SPD Cottbus am Montag im Stadtmuseum begr\u00fc\u00dfte der Bundestagsabgeordnete Ulrich Freese, gemeinsam mit dem Cottbuser SPD-Chef Gunnar Kurth und zahlreichen SPD Mitgliedern, zwei neue Mitstreiter. Dazu Ulrich Freese: \u201eNicht nur in weltweit turbulenten Zeiten, wie wir sie gerade erleben, sind wir dankbar daf\u00fcr, dass sich Menschen engagieren und in der SPD ihre politische Heimat finden. Gemeinsam wollen wir uns daf\u00fcr einsetzen, dass das Leben der Menschen t\u00e4glich etwas besser und sicherer wird.\u201c&nbsp;<\/p>\n<p>F\u00fcr Robert Rode war der Ausgang der US-Wahl einer der Gr\u00fcnde f\u00fcr seinen Eintritt in die SPD, um gemeinsam gegen Populismus und das Erstarken rechter Parteien in Deutschland zu arbeiten. Branko Gudlin, Student der Cottbuser BTU, trat erst wenige Stunden vorher, um 4.00 Uhr morgens, online der SPD bei.&nbsp;<br \/>Ausschlaggebender Punkt f\u00fcr ihn war die Nominierung von Martin Schulz zum Kanzler-kandidaten f\u00fcr die kommende Bundestagswahl. Sein Ziel: \u201eMehr Gerechtigkeit in Deutschland\u201c. \u00dcbrigens: Eine Gemeinsamkeit gibt es zwischen dem neuen Genossen und dem Kanzlerkandidaten und neuen SPD-Chef: Einer ist in W\u00fcrselen geboren, der andere war dort viele Jahre B\u00fcrgermeister. Dazu der Cottbuser SPD Chef Gunnar Kurth: \u201eOb in Cottbus, W\u00fcrselen, oder anderswo in unserer Republik, fordern wir die Menschen auf, sich einzumischen, mitzumachen und gemeinsam f\u00fcr soziale Gerechtigkeit einzutreten.\u201c<\/p>\n","protected":false},"excerpt":{"rendered":"<p>Cottbus. Zum Neujahrsempfang der SPD Cottbus am Montag im Stadtmuseum begr\u00fc\u00dfte der Bundestagsabgeordnete Ulrich Freese, gemeinsam mit dem Cottbuser SPD-Chef Gunnar Kurth und zahlreichen SPD Mitgliedern, zwei neue Mitstreiter. Dazu Ulrich Freese: \u201eNicht nur in weltweit turbulenten Zeiten, wie wir sie gerade erleben, sind wir dankbar daf\u00fcr, dass sich Menschen engagieren und in der SPD [&hellip;]<\/p>\n","protected":false},"author":1,"featured_media":1488,"comment_status":"closed","ping_status":"open","sticky":false,"template":"","format":"standard","meta":[],"categories":[3],"tags":[],"_links":{"self":[{"href":"https:\/\/uli-freese.de\/neu\/wp-json\/wp\/v2\/posts\/1490"}],"collection":[{"href":"https:\/\/uli-freese.de\/neu\/wp-json\/wp\/v2\/posts"}],"about":[{"href":"https:\/\/uli-freese.de\/neu\/wp-json\/wp\/v2\/types\/post"}],"author":[{"embeddable":true,"href":"https:\/\/uli-freese.de\/neu\/wp-json\/wp\/v2\/users\/1"}],"replies":[{"embeddable":true,"href":"https:\/\/uli-freese.de\/neu\/wp-json\/wp\/v2\/comments?post=1490"}],"version-history":[{"count":1,"href":"https:\/\/uli-freese.de\/neu\/wp-json\/wp\/v2\/posts\/1490\/revisions"}],"predecessor-version":[{"id":1879,"href":"https:\/\/uli-freese.de\/neu\/wp-json\/wp\/v2\/posts\/1490\/revisions\/1879"}],"wp:featuredmedia":[{"embeddable":true,"href":"https:\/\/uli-freese.de\/neu\/wp-json\/wp\/v2\/media\/1488"}],"wp:attachment":[{"href":"https:\/\/uli-freese.de\/neu\/wp-json\/wp\/v2\/media?parent=1490"}],"wp:term":[{"taxonomy":"category","embeddable":true,"href":"https:\/\/uli-freese.de\/neu\/wp-json\/wp\/v2\/categories?post=1490"},{"taxonomy":"post_tag","embeddable":true,"href":"https:\/\/uli-freese.de\/neu\/wp-json\/wp\/v2\/tags?post=1490"}],"curies":[{"name":"wp","href":"https:\/\/api.w.org\/{rel}","templated":true}]}}