{"id":1494,"date":"2017-02-15T11:11:31","date_gmt":"2017-02-15T10:11:31","guid":{"rendered":"http:\/\/uli-freese.de\/neu\/2017\/02\/15\/abschied-in-der-landesgruppe-brandenburg\/"},"modified":"2018-01-22T16:04:15","modified_gmt":"2018-01-22T15:04:15","slug":"abschied-in-der-landesgruppe-brandenburg","status":"publish","type":"post","link":"https:\/\/uli-freese.de\/neu\/2017\/02\/15\/abschied-in-der-landesgruppe-brandenburg\/","title":{"rendered":"Abschied in der Landesgruppe Brandenburg"},"content":{"rendered":"<p><img loading=\"lazy\" class=\" size-full wp-image-1492\" title=\"20170215 Bundespr\u00e4sident Frank Walter Steinmeier Uli Freese LV BB LG Ost Fr\u00fchst\u00fcck\" src=\"http:\/\/uli-freese.de\/neu\/wp-content\/uploads\/2017\/02\/20170215_Bundespr%C3%A4sident_Frank_Walter_Steinmeier_Uli_Freese_LV_BB_LG_Ost_Fr%C3%BChst%C3%BCck.jpeg\" alt=\"(Foto: Bundestagsb\u00fcro MdB Zierke)\" width=\"686\" height=\"515\" \/><\/p>\n<p>Heute Morgen besuchte uns noch einmal&nbsp;Frank-Walter Steinmeier&nbsp;in der Landesgruppe Brandenburg. Das gemeinsame Fr\u00fchst\u00fcck fand auf Einladung des gew\u00e4hlten neuen Bundespr\u00e4sidenten in der&nbsp;Landesvertretung Land Brandenburg&nbsp;statt. Wir haben uns als Landesgruppe beim nun ausscheidenden Bundestagskollegen Frank-Walter f\u00fcr die gute und lange Zusammenarbeit bedankt, und ihm f\u00fcr die k\u00fcnftige Aufgabe alles Gute und das n\u00f6tige Qu\u00e4ntchen Gl\u00fcck und eine gute Hand gew\u00fcnscht. Wir sind uns sicher, dass Frank-Walter Steinmeier das Amt mit W\u00fcrde aus\u00fcben wird.<\/p>\n<div>\n<p><img loading=\"lazy\" class=\" alignright size-full wp-image-1493\" style=\"float: right;\" title=\"20170215 Landesgruppe Brandenburg LV BB mit FW Steinmeier - Foto B\u00fcro Zierke\" src=\"http:\/\/uli-freese.de\/neu\/wp-content\/uploads\/2017\/02\/20170215_Landesgruppe_Brandenburg_LV_BB_mit_FW_Steinmeier_-_Foto_B%C3%BCro_Zierke.jpg\" alt=\"(Foto: Bundestagsb\u00fcro MdB Zierke)\" width=\"300\" height=\"200\" \/>Es gab heute Morgen aber auch Gelegenheit, an bisherige gemeinsame politische Momente zu erinnern. Mir ist da besonders das Gartenfest in Spremberg 2008 in guter Erinnerung. In damals schwieriger Zeit, aber dennoch lockerer Atmosph\u00e4re, nahm sich der damalige Vizekanzler und Au\u00dfenminister viel Zeit f\u00fcr Einzelgespr\u00e4che. Er hat den B\u00fcrgern zugeh\u00f6rt und die angesprochenen Themen mitgenommen.<\/p>\n<p>Was \u00fcbrigens auch 2013 zur Bundestagswahl geholfen hat, als wir uns in Forst getroffen haben. Ich bin nach wie vor froh, dass er den damals von mir gepr\u00e4gten Begriff &#8222;mit der Braunkohle ins regenerative Zeitalter&#8220; als richtige Strategie mit geteilt hat, weil damit sichergestellt wird, dass die Lausitzer Braunkohlekraftwerke &#8211; was \u00fcbrigens ganz aktuell erst wieder der Januar 2017 unter Beweis gestellt hat &#8211; der verl\u00e4ssliche Partner der regenerativen Energien ist, um Versorgungssicherheit und Preisstabilit\u00e4t in Deutschland und Europa zu gew\u00e4hrleisten.<\/p>\n<p>Meine pers\u00f6nlichen W\u00fcnsche f\u00fcr Frank-Walter sind, dass er das, was er in seiner Rede nach der Wahl in der Bundesversammlung (Link zur Rede:&nbsp;<a href=\"http:\/\/bit.ly\/2lPKRAA\" rel=\"nofollow noopener\" target=\"_blank\">http:\/\/bit.ly\/2lPKRAA<\/a>) angek\u00fcndigt hat, erfolgreich fortsetzen kann. Dass er Mut, Orientierung und klare Haltung beibehalten kann. Gl\u00fcckauf!<\/p>\n<p>Da es zur guten Tradition eines neu gew\u00e4hlten Bundespr\u00e4sidenten geh\u00f6rt, jedes Bundesland zu besuchen, freue ich mich schon auf ein Wiedersehen im Land Brandenburg mit dem Bundespr\u00e4sidenten Frank-Walter Steinmeier.<\/p>\n<p>Presseartikel zu den Besuchen von F-W Steinmeier im Wahlkreis:<br \/>Spremberg 2008:&nbsp;<a href=\"http:\/\/bit.ly\/2lOEZIU\" rel=\"nofollow noopener\" target=\"_blank\">http:\/\/bit.ly\/2lOEZIU<\/a><br \/>Forst 2013:&nbsp;<a href=\"http:\/\/bit.ly\/2ku9bes\" rel=\"nofollow noopener\" target=\"_blank\">http:\/\/bit.ly\/2ku9bes<\/a>&nbsp;und&nbsp;<a href=\"http:\/\/bit.ly\/2liLm9f\" rel=\"nofollow noopener\" target=\"_blank\">http:\/\/bit.ly\/2liLm9f<\/a><\/p>\n<p>(Fotos: Bundestagsb\u00fcro MdB Zierke)<\/p>\n<\/p><\/div>\n","protected":false},"excerpt":{"rendered":"<p>Heute Morgen besuchte uns noch einmal&nbsp;Frank-Walter Steinmeier&nbsp;in der Landesgruppe Brandenburg. Das gemeinsame Fr\u00fchst\u00fcck fand auf Einladung des gew\u00e4hlten neuen Bundespr\u00e4sidenten in der&nbsp;Landesvertretung Land Brandenburg&nbsp;statt. Wir haben uns als Landesgruppe beim nun ausscheidenden Bundestagskollegen Frank-Walter f\u00fcr die gute und lange Zusammenarbeit bedankt, und ihm f\u00fcr die k\u00fcnftige Aufgabe alles Gute und das n\u00f6tige Qu\u00e4ntchen Gl\u00fcck und [&hellip;]<\/p>\n","protected":false},"author":1,"featured_media":1491,"comment_status":"closed","ping_status":"open","sticky":false,"template":"","format":"standard","meta":[],"categories":[3],"tags":[],"_links":{"self":[{"href":"https:\/\/uli-freese.de\/neu\/wp-json\/wp\/v2\/posts\/1494"}],"collection":[{"href":"https:\/\/uli-freese.de\/neu\/wp-json\/wp\/v2\/posts"}],"about":[{"href":"https:\/\/uli-freese.de\/neu\/wp-json\/wp\/v2\/types\/post"}],"author":[{"embeddable":true,"href":"https:\/\/uli-freese.de\/neu\/wp-json\/wp\/v2\/users\/1"}],"replies":[{"embeddable":true,"href":"https:\/\/uli-freese.de\/neu\/wp-json\/wp\/v2\/comments?post=1494"}],"version-history":[{"count":1,"href":"https:\/\/uli-freese.de\/neu\/wp-json\/wp\/v2\/posts\/1494\/revisions"}],"predecessor-version":[{"id":1878,"href":"https:\/\/uli-freese.de\/neu\/wp-json\/wp\/v2\/posts\/1494\/revisions\/1878"}],"wp:featuredmedia":[{"embeddable":true,"href":"https:\/\/uli-freese.de\/neu\/wp-json\/wp\/v2\/media\/1491"}],"wp:attachment":[{"href":"https:\/\/uli-freese.de\/neu\/wp-json\/wp\/v2\/media?parent=1494"}],"wp:term":[{"taxonomy":"category","embeddable":true,"href":"https:\/\/uli-freese.de\/neu\/wp-json\/wp\/v2\/categories?post=1494"},{"taxonomy":"post_tag","embeddable":true,"href":"https:\/\/uli-freese.de\/neu\/wp-json\/wp\/v2\/tags?post=1494"}],"curies":[{"name":"wp","href":"https:\/\/api.w.org\/{rel}","templated":true}]}}