{"id":1498,"date":"2017-02-28T07:01:28","date_gmt":"2017-02-28T06:01:28","guid":{"rendered":"http:\/\/uli-freese.de\/neu\/2017\/02\/28\/wer-kaempft-der-kann-verlieren-wer-nicht-kaempft-der-hat-schon-verloren\/"},"modified":"2018-01-22T16:04:15","modified_gmt":"2018-01-22T15:04:15","slug":"wer-kaempft-der-kann-verlieren-wer-nicht-kaempft-der-hat-schon-verloren","status":"publish","type":"post","link":"https:\/\/uli-freese.de\/neu\/2017\/02\/28\/wer-kaempft-der-kann-verlieren-wer-nicht-kaempft-der-hat-schon-verloren\/","title":{"rendered":"\u201eWer k\u00e4mpft, der kann verlieren. Wer nicht k\u00e4mpft, der hat schon verloren!\u201c"},"content":{"rendered":"<p><img loading=\"lazy\" class=\" size-full wp-image-1495\" title=\"Vor 25 Jahren: Der damalige IG BE Bezirksvorsitzende Ulrich Freese spricht vor rund 45.000 Demonstranten\" src=\"http:\/\/uli-freese.de\/neu\/wp-content\/uploads\/2017\/02\/20170228_25_Jahre_nach_Hoy_1.jpg\" alt=\"(Foto: Erich Schutt)\" width=\"686\" height=\"443\" srcset=\"https:\/\/uli-freese.de\/neu\/wp-content\/uploads\/2017\/02\/20170228_25_Jahre_nach_Hoy_1.jpg 2048w, https:\/\/uli-freese.de\/neu\/wp-content\/uploads\/2017\/02\/20170228_25_Jahre_nach_Hoy_1-300x194.jpg 300w, https:\/\/uli-freese.de\/neu\/wp-content\/uploads\/2017\/02\/20170228_25_Jahre_nach_Hoy_1-768x496.jpg 768w, https:\/\/uli-freese.de\/neu\/wp-content\/uploads\/2017\/02\/20170228_25_Jahre_nach_Hoy_1-1024x661.jpg 1024w\" sizes=\"(max-width: 686px) 100vw, 686px\" \/>&nbsp;<\/p>\n<p><strong>Heute vor 25 Jahren, am 28. Februar 1992, fand in Hoyerswerda die gr\u00f6\u00dfte Demonstration nach der Wende in Ostdeutschland statt.<\/strong><\/p>\n<p><img loading=\"lazy\" class=\" alignright size-full wp-image-1496\" style=\"float: right;\" title=\"45.000 Mitarbeiterinnen und Mitarbeiter der Braunkohle- und Energiewirtschaft demonstrieren in Hoyerswerda\" src=\"http:\/\/uli-freese.de\/neu\/wp-content\/uploads\/2017\/02\/20170228_25_Jahre_nach_Hoy_2.jpg\" alt=\"(Foto: Erich Schutt)\" width=\"300\" height=\"198\" srcset=\"https:\/\/uli-freese.de\/neu\/wp-content\/uploads\/2017\/02\/20170228_25_Jahre_nach_Hoy_2.jpg 2048w, https:\/\/uli-freese.de\/neu\/wp-content\/uploads\/2017\/02\/20170228_25_Jahre_nach_Hoy_2-300x198.jpg 300w, https:\/\/uli-freese.de\/neu\/wp-content\/uploads\/2017\/02\/20170228_25_Jahre_nach_Hoy_2-768x508.jpg 768w, https:\/\/uli-freese.de\/neu\/wp-content\/uploads\/2017\/02\/20170228_25_Jahre_nach_Hoy_2-1024x677.jpg 1024w\" sizes=\"(max-width: 300px) 100vw, 300px\" \/>Rund 45.000 Berg- und Energiearbeiter aus dem Lausitzer und Mitteldeutschen Revier demonstrierten mit gro\u00dfer Unterst\u00fctzung aus dem Rheinland, dem Ruhrgebiet und dem Saarland f\u00fcr Zukunftsperspektiven der Bergbau und Energiewirtschaft in Ostdeutschland. Der IG BE Vorsitzende Hans Berger, der an diesem Tag Geburtstag hatte (und heute nat\u00fcrlich auch \u2013 Herzlichen Gl\u00fcckwunsch!); Ministerpr\u00e4sident Manfred Stolpe, Kajo Schommer (Wirtschaftsminister Sachsen) und Horst Rehberger (Wirtschaftsminister Sachsen-Anhalt) waren Redner auf dieser eindrucksvollen Kundgebung.<\/p>\n<div>\n<p><img loading=\"lazy\" class=\" alignright size-full wp-image-1497\" style=\"float: right;\" title=\"45.000 Mitarbeiter der Energiewirtschaft demonstrieren in Hoyerswerda\" src=\"http:\/\/uli-freese.de\/neu\/wp-content\/uploads\/2017\/02\/20170228_25_Jahre_nach_Hoy_3.jpg\" alt=\"(Foto: Erich Schutt)\" width=\"300\" height=\"201\" srcset=\"https:\/\/uli-freese.de\/neu\/wp-content\/uploads\/2017\/02\/20170228_25_Jahre_nach_Hoy_3.jpg 2048w, https:\/\/uli-freese.de\/neu\/wp-content\/uploads\/2017\/02\/20170228_25_Jahre_nach_Hoy_3-300x201.jpg 300w, https:\/\/uli-freese.de\/neu\/wp-content\/uploads\/2017\/02\/20170228_25_Jahre_nach_Hoy_3-768x514.jpg 768w, https:\/\/uli-freese.de\/neu\/wp-content\/uploads\/2017\/02\/20170228_25_Jahre_nach_Hoy_3-1024x686.jpg 1024w\" sizes=\"(max-width: 300px) 100vw, 300px\" \/>Es ging um den Erhalt von Braunkohletagebauen und Kraftwerken und um eine ausreichende Finanzierung der Bergbausanierung nach dem Motto \u201eArbeit statt Arbeitslosigkeit zu bezahlen\u201c, und es ging darum zu zeigen, dass wir um unsere Zukunft k\u00e4mpfen. Ohne diese machtvolle Demonstration w\u00e4re uns vieles nicht gegl\u00fcckt.<\/p>\n<p>Ich bin dankbar damals Bezirksleiter der IG BE gewesen zu sein, den Marsch angef\u00fchrt zu haben und heute \u2013 25 Jahre danach \u2013 immer noch vom Vertrauen getragen an den Zukunftsperspektiven, diesmal im Bundestag, wirken zu d\u00fcrfen und wirken zu k\u00f6nnen. Dank allen, die damals mitgestaltet haben. Viele leben heute noch, einige tapfere Streiter sind heute nicht mehr unter uns.<\/p>\n<p>Das Motto \u201eWer k\u00e4mpft, der kann verlieren. Wer nicht k\u00e4mpft, der hat schon verloren!\u201c galt damals genauso wie heute.<\/p>\n<p>(Fotos: Erich Schutt)<\/p>\n<\/p><\/div>\n","protected":false},"excerpt":{"rendered":"<p>&nbsp; Heute vor 25 Jahren, am 28. Februar 1992, fand in Hoyerswerda die gr\u00f6\u00dfte Demonstration nach der Wende in Ostdeutschland statt. Rund 45.000 Berg- und Energiearbeiter aus dem Lausitzer und Mitteldeutschen Revier demonstrierten mit gro\u00dfer Unterst\u00fctzung aus dem Rheinland, dem Ruhrgebiet und dem Saarland f\u00fcr Zukunftsperspektiven der Bergbau und Energiewirtschaft in Ostdeutschland. Der IG BE [&hellip;]<\/p>\n","protected":false},"author":1,"featured_media":1495,"comment_status":"closed","ping_status":"open","sticky":false,"template":"","format":"standard","meta":[],"categories":[3],"tags":[],"_links":{"self":[{"href":"https:\/\/uli-freese.de\/neu\/wp-json\/wp\/v2\/posts\/1498"}],"collection":[{"href":"https:\/\/uli-freese.de\/neu\/wp-json\/wp\/v2\/posts"}],"about":[{"href":"https:\/\/uli-freese.de\/neu\/wp-json\/wp\/v2\/types\/post"}],"author":[{"embeddable":true,"href":"https:\/\/uli-freese.de\/neu\/wp-json\/wp\/v2\/users\/1"}],"replies":[{"embeddable":true,"href":"https:\/\/uli-freese.de\/neu\/wp-json\/wp\/v2\/comments?post=1498"}],"version-history":[{"count":1,"href":"https:\/\/uli-freese.de\/neu\/wp-json\/wp\/v2\/posts\/1498\/revisions"}],"predecessor-version":[{"id":1876,"href":"https:\/\/uli-freese.de\/neu\/wp-json\/wp\/v2\/posts\/1498\/revisions\/1876"}],"wp:featuredmedia":[{"embeddable":true,"href":"https:\/\/uli-freese.de\/neu\/wp-json\/wp\/v2\/media\/1495"}],"wp:attachment":[{"href":"https:\/\/uli-freese.de\/neu\/wp-json\/wp\/v2\/media?parent=1498"}],"wp:term":[{"taxonomy":"category","embeddable":true,"href":"https:\/\/uli-freese.de\/neu\/wp-json\/wp\/v2\/categories?post=1498"},{"taxonomy":"post_tag","embeddable":true,"href":"https:\/\/uli-freese.de\/neu\/wp-json\/wp\/v2\/tags?post=1498"}],"curies":[{"name":"wp","href":"https:\/\/api.w.org\/{rel}","templated":true}]}}