{"id":1505,"date":"2017-02-28T14:35:54","date_gmt":"2017-02-28T13:35:54","guid":{"rendered":"http:\/\/uli-freese.de\/neu\/2017\/02\/28\/verdi-stammtisch-in-spremberg\/"},"modified":"2018-01-22T16:04:15","modified_gmt":"2018-01-22T15:04:15","slug":"verdi-stammtisch-in-spremberg","status":"publish","type":"post","link":"https:\/\/uli-freese.de\/neu\/2017\/02\/28\/verdi-stammtisch-in-spremberg\/","title":{"rendered":"Verdi-Stammtisch in Spremberg"},"content":{"rendered":"<p><img loading=\"lazy\" class=\" size-full wp-image-1504\" title=\"Uli Freese beim Stammtisch der Verdi-Senioren in Spremberg\" src=\"http:\/\/uli-freese.de\/neu\/wp-content\/uploads\/2017\/02\/20170228_SPB_Verdi_Seniorenstammtisch.jpeg\" alt=\"(Foto: B\u00fcrgerb\u00fcro MdB Freese, Dirk S\u00fc\u00dfmilch)\" width=\"686\" height=\"515\" srcset=\"https:\/\/uli-freese.de\/neu\/wp-content\/uploads\/2017\/02\/20170228_SPB_Verdi_Seniorenstammtisch.jpeg 1600w, https:\/\/uli-freese.de\/neu\/wp-content\/uploads\/2017\/02\/20170228_SPB_Verdi_Seniorenstammtisch-300x225.jpeg 300w, https:\/\/uli-freese.de\/neu\/wp-content\/uploads\/2017\/02\/20170228_SPB_Verdi_Seniorenstammtisch-768x576.jpeg 768w, https:\/\/uli-freese.de\/neu\/wp-content\/uploads\/2017\/02\/20170228_SPB_Verdi_Seniorenstammtisch-1024x768.jpeg 1024w\" sizes=\"(max-width: 686px) 100vw, 686px\" \/><\/p>\n<p>Am Dienstag traf sich der Lausitzer Bundestagsabgeordnete Ulrich Freese mit 15 Verdi-Senioren in den R\u00e4umen der Spremberger Volkssolidarit\u00e4t. Bei Kaffee und &#8211; in der Karnevalszeit passenden &#8211; Pfannkuchen wurden interessante Gespr\u00e4che \u00fcber gesamte Bandbreite der Bundespolitik gef\u00fchrt. Dabei standen vor allem aber auch die energie- und wirtschaftspolitischen Themen der Lausitz im Vordergrund. Ulrich Freese bedankt sich f\u00fcr die Einladung zuim Stammtisch und freut sich auch in Zukunft auf spannende Diskussionen und Gespr\u00e4che.<\/p>\n","protected":false},"excerpt":{"rendered":"<p>Am Dienstag traf sich der Lausitzer Bundestagsabgeordnete Ulrich Freese mit 15 Verdi-Senioren in den R\u00e4umen der Spremberger Volkssolidarit\u00e4t. Bei Kaffee und &#8211; in der Karnevalszeit passenden &#8211; Pfannkuchen wurden interessante Gespr\u00e4che \u00fcber gesamte Bandbreite der Bundespolitik gef\u00fchrt. Dabei standen vor allem aber auch die energie- und wirtschaftspolitischen Themen der Lausitz im Vordergrund. Ulrich Freese bedankt [&hellip;]<\/p>\n","protected":false},"author":1,"featured_media":1503,"comment_status":"closed","ping_status":"open","sticky":false,"template":"","format":"standard","meta":[],"categories":[3],"tags":[],"_links":{"self":[{"href":"https:\/\/uli-freese.de\/neu\/wp-json\/wp\/v2\/posts\/1505"}],"collection":[{"href":"https:\/\/uli-freese.de\/neu\/wp-json\/wp\/v2\/posts"}],"about":[{"href":"https:\/\/uli-freese.de\/neu\/wp-json\/wp\/v2\/types\/post"}],"author":[{"embeddable":true,"href":"https:\/\/uli-freese.de\/neu\/wp-json\/wp\/v2\/users\/1"}],"replies":[{"embeddable":true,"href":"https:\/\/uli-freese.de\/neu\/wp-json\/wp\/v2\/comments?post=1505"}],"version-history":[{"count":1,"href":"https:\/\/uli-freese.de\/neu\/wp-json\/wp\/v2\/posts\/1505\/revisions"}],"predecessor-version":[{"id":1875,"href":"https:\/\/uli-freese.de\/neu\/wp-json\/wp\/v2\/posts\/1505\/revisions\/1875"}],"wp:featuredmedia":[{"embeddable":true,"href":"https:\/\/uli-freese.de\/neu\/wp-json\/wp\/v2\/media\/1503"}],"wp:attachment":[{"href":"https:\/\/uli-freese.de\/neu\/wp-json\/wp\/v2\/media?parent=1505"}],"wp:term":[{"taxonomy":"category","embeddable":true,"href":"https:\/\/uli-freese.de\/neu\/wp-json\/wp\/v2\/categories?post=1505"},{"taxonomy":"post_tag","embeddable":true,"href":"https:\/\/uli-freese.de\/neu\/wp-json\/wp\/v2\/tags?post=1505"}],"curies":[{"name":"wp","href":"https:\/\/api.w.org\/{rel}","templated":true}]}}