{"id":1511,"date":"2017-03-09T14:34:55","date_gmt":"2017-03-09T13:34:55","guid":{"rendered":"http:\/\/uli-freese.de\/neu\/2017\/03\/09\/zukunft-des-bahnwerkes-cottbus-gespraeche-im-bahntower-gehen-weiter\/"},"modified":"2018-01-22T16:04:15","modified_gmt":"2018-01-22T15:04:15","slug":"zukunft-des-bahnwerkes-cottbus-gespraeche-im-bahntower-gehen-weiter","status":"publish","type":"post","link":"https:\/\/uli-freese.de\/neu\/2017\/03\/09\/zukunft-des-bahnwerkes-cottbus-gespraeche-im-bahntower-gehen-weiter\/","title":{"rendered":"Zukunft des Bahnwerkes Cottbus &#8211; Gespr\u00e4che im Bahntower gehen weiter"},"content":{"rendered":"<p><img loading=\"lazy\" class=\" size-full wp-image-1510\" title=\"Treffen am 9. M\u00e4rz 2017 im Bahntower: MdB Freese und MdL Kerstin Kircheis gemeinsam mit dem Bahnwerk-Betriebsratsvorsitzenden Heinz-Gerd Kretschmer im Gespr\u00e4ch mit Bahnvertretern\" src=\"http:\/\/uli-freese.de\/neu\/wp-content\/uploads\/2017\/03\/20170309_Berlin_DB_Tower_1.jpeg\" alt=\"(Foto: Bundestagsb\u00fcro MdB Freese)\" width=\"686\" height=\"515\" srcset=\"https:\/\/uli-freese.de\/neu\/wp-content\/uploads\/2017\/03\/20170309_Berlin_DB_Tower_1.jpeg 1600w, https:\/\/uli-freese.de\/neu\/wp-content\/uploads\/2017\/03\/20170309_Berlin_DB_Tower_1-300x225.jpeg 300w, https:\/\/uli-freese.de\/neu\/wp-content\/uploads\/2017\/03\/20170309_Berlin_DB_Tower_1-768x576.jpeg 768w, https:\/\/uli-freese.de\/neu\/wp-content\/uploads\/2017\/03\/20170309_Berlin_DB_Tower_1-1024x768.jpeg 1024w\" sizes=\"(max-width: 686px) 100vw, 686px\" \/><\/p>\n<p>Wie nach dem letzten Treffen am 23. Januar&nbsp;im Bahntower angek\u00fcndigt, wurden die Gespr\u00e4che zur Zukunft des Bahnwerkes Cottbus intensiviert und fortgef\u00fchrt.<\/p>\n<p>Heute traf ich mich dazu gemeinsam mit dem Betriebsratsvorsitzenden des Bahnwerkes Heinz-Gerd Kretschmar und der Cottbuser Landtagsabgeordneten Kerstin Kircheis erneut mit Vertretern der Deutschen Bahn im Bahntower am Potsdamer Platz in Berlin.<\/p>\n<p>Bahnvorstand Ronald Pofalla und Dr. Joachim Trettin, Konzernbevollm\u00e4chtigter f\u00fcr das Land Brandenburg, nahmen &nbsp;\u2013 wie schon im Januar \u2013 Gespr\u00e4chspartner. Au\u00dferdem der Vorsitzende der Gesch\u00e4ftsf\u00fchrung DB Fahrzeuginstandhaltung, Uwe Fresenborg, Jens Schwarz, Vorsitzender Konzernbetriebsrat.<\/p>\n<p>Wir haben noch einmal eindrucksvoll auf die Situation des Cottbuser Bahnwerkes verwiesen und unsere Erwartungen untermauert, was bahnseitig getan werden muss um unseren Cottbuser Standort langfristig zu erhalten.<\/p>\n<p>Zwei Dinge wurden heute klar: Eine abschlie\u00dfende Entscheidungen wird es nicht vor Ende des Jahres geben, und die Gespr\u00e4che hierzu mit uns werden im Herbst fortgesetzt.<\/p>\n<p>F\u00fcr Kerstin Kircheis und mich ist es klar, dass wir \u2013 wie auf der Betriebsversammlung im Dezember 2016 vor Ort in der Werkshalle den Besch\u00e4ftigten versprochen \u2013 weiter f\u00fcr den Erhalt des Bahnwerkes konsequent eintreten und jede M\u00f6glichkeit nutzen werden, mit guten Argumenten die Entscheidungstr\u00e4ger in unserem Sinne zu \u00fcberzeugen!<\/p>\n","protected":false},"excerpt":{"rendered":"<p>Wie nach dem letzten Treffen am 23. Januar&nbsp;im Bahntower angek\u00fcndigt, wurden die Gespr\u00e4che zur Zukunft des Bahnwerkes Cottbus intensiviert und fortgef\u00fchrt. Heute traf ich mich dazu gemeinsam mit dem Betriebsratsvorsitzenden des Bahnwerkes Heinz-Gerd Kretschmar und der Cottbuser Landtagsabgeordneten Kerstin Kircheis erneut mit Vertretern der Deutschen Bahn im Bahntower am Potsdamer Platz in Berlin. Bahnvorstand Ronald [&hellip;]<\/p>\n","protected":false},"author":1,"featured_media":1509,"comment_status":"closed","ping_status":"open","sticky":false,"template":"","format":"standard","meta":[],"categories":[3],"tags":[],"_links":{"self":[{"href":"https:\/\/uli-freese.de\/neu\/wp-json\/wp\/v2\/posts\/1511"}],"collection":[{"href":"https:\/\/uli-freese.de\/neu\/wp-json\/wp\/v2\/posts"}],"about":[{"href":"https:\/\/uli-freese.de\/neu\/wp-json\/wp\/v2\/types\/post"}],"author":[{"embeddable":true,"href":"https:\/\/uli-freese.de\/neu\/wp-json\/wp\/v2\/users\/1"}],"replies":[{"embeddable":true,"href":"https:\/\/uli-freese.de\/neu\/wp-json\/wp\/v2\/comments?post=1511"}],"version-history":[{"count":1,"href":"https:\/\/uli-freese.de\/neu\/wp-json\/wp\/v2\/posts\/1511\/revisions"}],"predecessor-version":[{"id":1871,"href":"https:\/\/uli-freese.de\/neu\/wp-json\/wp\/v2\/posts\/1511\/revisions\/1871"}],"wp:featuredmedia":[{"embeddable":true,"href":"https:\/\/uli-freese.de\/neu\/wp-json\/wp\/v2\/media\/1509"}],"wp:attachment":[{"href":"https:\/\/uli-freese.de\/neu\/wp-json\/wp\/v2\/media?parent=1511"}],"wp:term":[{"taxonomy":"category","embeddable":true,"href":"https:\/\/uli-freese.de\/neu\/wp-json\/wp\/v2\/categories?post=1511"},{"taxonomy":"post_tag","embeddable":true,"href":"https:\/\/uli-freese.de\/neu\/wp-json\/wp\/v2\/tags?post=1511"}],"curies":[{"name":"wp","href":"https:\/\/api.w.org\/{rel}","templated":true}]}}