{"id":1517,"date":"2017-03-15T17:39:12","date_gmt":"2017-03-15T16:39:12","guid":{"rendered":"http:\/\/uli-freese.de\/neu\/2017\/03\/15\/zeit-fuer-gespraeche-uli-freese-in-turnow\/"},"modified":"2018-01-22T16:04:15","modified_gmt":"2018-01-22T15:04:15","slug":"zeit-fuer-gespraeche-uli-freese-in-turnow","status":"publish","type":"post","link":"https:\/\/uli-freese.de\/neu\/2017\/03\/15\/zeit-fuer-gespraeche-uli-freese-in-turnow\/","title":{"rendered":"Zeit f\u00fcr Gespr\u00e4che: Uli Freese in Turnow"},"content":{"rendered":"<p><img loading=\"lazy\" class=\" size-full wp-image-1515\" src=\"http:\/\/uli-freese.de\/neu\/wp-content\/uploads\/2017\/03\/20170315_Turnow_Kaffee_mit_Uli_Freese_2.jpg\" alt=\"20170315 Turnow Kaffee mit Uli Freese 2\" width=\"686\" height=\"457\" srcset=\"https:\/\/uli-freese.de\/neu\/wp-content\/uploads\/2017\/03\/20170315_Turnow_Kaffee_mit_Uli_Freese_2.jpg 1280w, https:\/\/uli-freese.de\/neu\/wp-content\/uploads\/2017\/03\/20170315_Turnow_Kaffee_mit_Uli_Freese_2-300x200.jpg 300w, https:\/\/uli-freese.de\/neu\/wp-content\/uploads\/2017\/03\/20170315_Turnow_Kaffee_mit_Uli_Freese_2-768x512.jpg 768w, https:\/\/uli-freese.de\/neu\/wp-content\/uploads\/2017\/03\/20170315_Turnow_Kaffee_mit_Uli_Freese_2-1024x682.jpg 1024w\" sizes=\"(max-width: 686px) 100vw, 686px\" \/><\/p>\n<p>Im November vergangenen Jahres besuchte mich eine Gruppe von Rentnerinnen aus Turnow im Deutschen Bundestag. Nach der Teilnahme an einer Plenarsitzung stand damals das obligatorische Gespr\u00e4ch mit dem einladenden Abgeordneten auf dem Programm. Wie so oft war die einst\u00fcndige Diskussion leider viel zu kurz f\u00fcr die vielen Fragen.&nbsp;Und so habe ich meinen Besucherinnen damals versprochen bei Kaffee und Kuchen weiter zu diskutieren.<\/p>\n<p><img loading=\"lazy\" class=\" alignright size-full wp-image-1516\" style=\"float: right;\" title=\"Organisatorin Frau Schuster begr\u00fc\u00dft Uli Freese im Rahmen des regelm\u00e4ssigen Kaffeetrinkens der Turnower Rentnerinnen\" src=\"http:\/\/uli-freese.de\/neu\/wp-content\/uploads\/2017\/03\/20170315_Turnow_Kaffee_mit_Uli_Freese_1.jpg\" alt=\"(Foto: B\u00fcrgerb\u00fcro MdB Freese, M. Heger)\" width=\"300\" height=\"200\" srcset=\"https:\/\/uli-freese.de\/neu\/wp-content\/uploads\/2017\/03\/20170315_Turnow_Kaffee_mit_Uli_Freese_1.jpg 1280w, https:\/\/uli-freese.de\/neu\/wp-content\/uploads\/2017\/03\/20170315_Turnow_Kaffee_mit_Uli_Freese_1-300x200.jpg 300w, https:\/\/uli-freese.de\/neu\/wp-content\/uploads\/2017\/03\/20170315_Turnow_Kaffee_mit_Uli_Freese_1-768x512.jpg 768w, https:\/\/uli-freese.de\/neu\/wp-content\/uploads\/2017\/03\/20170315_Turnow_Kaffee_mit_Uli_Freese_1-1024x682.jpg 1024w\" sizes=\"(max-width: 300px) 100vw, 300px\" \/>Gesagt. Getan. Einladung eingel\u00f6st, und das heute mit viel Zeit: Drei Stunden wurden bundes-, landes- und lokalpolitische Themen wie die Rentenangleichung Ost\/West, Funktional- und Gebietsk\u00f6rperschaftsreform in Brandenburg, die Zukunft der Energiewirtschaft in unserer Region oder auch der aktuell die Gem\u00fcter erhitzende Deponiebrand in unserem Nachbarland Polen besprochen.<\/p>\n<p>Ich bedanke mich f\u00fcr die lebhafte Diskussion bei den Turnower Damen (und auch den anwesenden Herren wie dem ehemaligen B\u00fcrgermeister Helmut Fries und dem aktuellen B\u00fcrgermeister Ren\u00e9 Sonke) und bei Frau Schuster f\u00fcr die Organisation dieses Nachmittags, der im Rahmen des regelm\u00e4ssigen Treffens der Seniorinnen stattfand.<\/p>\n","protected":false},"excerpt":{"rendered":"<p>Im November vergangenen Jahres besuchte mich eine Gruppe von Rentnerinnen aus Turnow im Deutschen Bundestag. Nach der Teilnahme an einer Plenarsitzung stand damals das obligatorische Gespr\u00e4ch mit dem einladenden Abgeordneten auf dem Programm. Wie so oft war die einst\u00fcndige Diskussion leider viel zu kurz f\u00fcr die vielen Fragen.&nbsp;Und so habe ich meinen Besucherinnen damals versprochen [&hellip;]<\/p>\n","protected":false},"author":1,"featured_media":1515,"comment_status":"closed","ping_status":"open","sticky":false,"template":"","format":"standard","meta":[],"categories":[3],"tags":[],"_links":{"self":[{"href":"https:\/\/uli-freese.de\/neu\/wp-json\/wp\/v2\/posts\/1517"}],"collection":[{"href":"https:\/\/uli-freese.de\/neu\/wp-json\/wp\/v2\/posts"}],"about":[{"href":"https:\/\/uli-freese.de\/neu\/wp-json\/wp\/v2\/types\/post"}],"author":[{"embeddable":true,"href":"https:\/\/uli-freese.de\/neu\/wp-json\/wp\/v2\/users\/1"}],"replies":[{"embeddable":true,"href":"https:\/\/uli-freese.de\/neu\/wp-json\/wp\/v2\/comments?post=1517"}],"version-history":[{"count":1,"href":"https:\/\/uli-freese.de\/neu\/wp-json\/wp\/v2\/posts\/1517\/revisions"}],"predecessor-version":[{"id":1869,"href":"https:\/\/uli-freese.de\/neu\/wp-json\/wp\/v2\/posts\/1517\/revisions\/1869"}],"wp:featuredmedia":[{"embeddable":true,"href":"https:\/\/uli-freese.de\/neu\/wp-json\/wp\/v2\/media\/1515"}],"wp:attachment":[{"href":"https:\/\/uli-freese.de\/neu\/wp-json\/wp\/v2\/media?parent=1517"}],"wp:term":[{"taxonomy":"category","embeddable":true,"href":"https:\/\/uli-freese.de\/neu\/wp-json\/wp\/v2\/categories?post=1517"},{"taxonomy":"post_tag","embeddable":true,"href":"https:\/\/uli-freese.de\/neu\/wp-json\/wp\/v2\/tags?post=1517"}],"curies":[{"name":"wp","href":"https:\/\/api.w.org\/{rel}","templated":true}]}}