{"id":1521,"date":"2017-03-22T14:57:33","date_gmt":"2017-03-22T13:57:33","guid":{"rendered":"http:\/\/uli-freese.de\/neu\/2017\/03\/22\/pm-spremberger-hubert-lamm-ehrengast-bei-steinmeiers-vereidigung\/"},"modified":"2018-01-22T16:04:02","modified_gmt":"2018-01-22T15:04:02","slug":"pm-spremberger-hubert-lamm-ehrengast-bei-steinmeiers-vereidigung","status":"publish","type":"post","link":"https:\/\/uli-freese.de\/neu\/2017\/03\/22\/pm-spremberger-hubert-lamm-ehrengast-bei-steinmeiers-vereidigung\/","title":{"rendered":"PM: Spremberger Hubert Lamm Ehrengast bei Steinmeiers Vereidigung"},"content":{"rendered":"<p><img loading=\"lazy\" class=\" size-full wp-image-1519\" title=\"Pers\u00f6nliche Einladung f\u00fcr Hubert Lamm aus Spremberg zur Vereidigung des Bundespr\u00e4sidenten am 23. M\u00e4rz 2017\" src=\"http:\/\/uli-freese.de\/neu\/wp-content\/uploads\/2017\/03\/20170323_Eidesleistung_Steinmeier_Einladung_UF.jpg\" alt=\"(Foto: Bundestagsb\u00fcro MdB Freese)\" width=\"686\" height=\"462\" srcset=\"https:\/\/uli-freese.de\/neu\/wp-content\/uploads\/2017\/03\/20170323_Eidesleistung_Steinmeier_Einladung_UF.jpg 1000w, https:\/\/uli-freese.de\/neu\/wp-content\/uploads\/2017\/03\/20170323_Eidesleistung_Steinmeier_Einladung_UF-300x202.jpg 300w, https:\/\/uli-freese.de\/neu\/wp-content\/uploads\/2017\/03\/20170323_Eidesleistung_Steinmeier_Einladung_UF-768x518.jpg 768w\" sizes=\"(max-width: 686px) 100vw, 686px\" \/><\/p>\n<p>Berlin \/ Spremberg. <strong>Auf Einladung des Lausitzer Bundestagsabgeordneten Ulrich Freese (SPD) nahm der Vorsitzende des Seniorenbeirates der Stadt Spremberg, Hubert Lamm, heute als Ehrengast an der Vereidigung von Bundespr\u00e4sident Frank-Walter Steinmeier teil.<\/strong><\/p>\n<p><img loading=\"lazy\" class=\" alignright size-full wp-image-1520\" style=\"float: right;\" title=\"Auf Einladung von MdB Ulrich Freese nahm der Spremberger Hubert Lamm als Ehrengast an der Vereidigung teil\" src=\"http:\/\/uli-freese.de\/neu\/wp-content\/uploads\/2017\/03\/20170323_Eidesleistung_Steinmeier_Hubert_Lamm_und_UF.jpg\" alt=\"(Foto: Bundestagsb\u00fcro MdB Freese)\" width=\"300\" height=\"448\" srcset=\"https:\/\/uli-freese.de\/neu\/wp-content\/uploads\/2017\/03\/20170323_Eidesleistung_Steinmeier_Hubert_Lamm_und_UF.jpg 891w, https:\/\/uli-freese.de\/neu\/wp-content\/uploads\/2017\/03\/20170323_Eidesleistung_Steinmeier_Hubert_Lamm_und_UF-201x300.jpg 201w, https:\/\/uli-freese.de\/neu\/wp-content\/uploads\/2017\/03\/20170323_Eidesleistung_Steinmeier_Hubert_Lamm_und_UF-768x1147.jpg 768w, https:\/\/uli-freese.de\/neu\/wp-content\/uploads\/2017\/03\/20170323_Eidesleistung_Steinmeier_Hubert_Lamm_und_UF-685x1024.jpg 685w\" sizes=\"(max-width: 300px) 100vw, 300px\" \/>\u201eAls W\u00fcrdigung seines gesamten Engagements im ehrenamtlichen Bereich seit 1990 habe ich Hubert Lamm zur heutigen Vereidigung unseres Bundespr\u00e4sidenten in den Bundestag eingeladen. Hubert Lamm engagiert sich seit vielen Jahren im Seniorenbeirat der Stadt, bei der S\u00fcdbrandenburger AWO und in vielen gemeinn\u00fctzigen Projekten.\u201c, so Ulrich Freese.<\/p>\n<p>Hubert Lamm nahm heute in Berlin nicht nur an der gemeinsamen Sitzung von Bundestag und Bundesrat im Reichstag teil, sondern auch am anschlie\u00dfenden Empfang des Bundespr\u00e4sidenten.<\/p>\n<p>\u201eIch w\u00fcnsche mir von unserem neuen Pr\u00e4sidenten, dass er mit seiner gro\u00dfen au\u00dfenpolitischen Erfahrung starke Impulse f\u00fcr das gemeinsame europ\u00e4ische Friedensprojekt setzt.\u201c, sagte Hubert Lamm am Rande der Vereidigung. \u201eNationalismus war und ist keine Antwort auf die Fragen der heutigen Zeit. Gerade f\u00fcr unsere Jugend ist es wichtig, dass Europa weiter zusammenw\u00e4chst und sich nicht auseinanderdividieren l\u00e4sst.\u201c, so Lamm.<\/p>\n","protected":false},"excerpt":{"rendered":"<p>Berlin \/ Spremberg. Auf Einladung des Lausitzer Bundestagsabgeordneten Ulrich Freese (SPD) nahm der Vorsitzende des Seniorenbeirates der Stadt Spremberg, Hubert Lamm, heute als Ehrengast an der Vereidigung von Bundespr\u00e4sident Frank-Walter Steinmeier teil. \u201eAls W\u00fcrdigung seines gesamten Engagements im ehrenamtlichen Bereich seit 1990 habe ich Hubert Lamm zur heutigen Vereidigung unseres Bundespr\u00e4sidenten in den Bundestag eingeladen. [&hellip;]<\/p>\n","protected":false},"author":1,"featured_media":1518,"comment_status":"closed","ping_status":"open","sticky":false,"template":"","format":"standard","meta":[],"categories":[5],"tags":[],"_links":{"self":[{"href":"https:\/\/uli-freese.de\/neu\/wp-json\/wp\/v2\/posts\/1521"}],"collection":[{"href":"https:\/\/uli-freese.de\/neu\/wp-json\/wp\/v2\/posts"}],"about":[{"href":"https:\/\/uli-freese.de\/neu\/wp-json\/wp\/v2\/types\/post"}],"author":[{"embeddable":true,"href":"https:\/\/uli-freese.de\/neu\/wp-json\/wp\/v2\/users\/1"}],"replies":[{"embeddable":true,"href":"https:\/\/uli-freese.de\/neu\/wp-json\/wp\/v2\/comments?post=1521"}],"version-history":[{"count":1,"href":"https:\/\/uli-freese.de\/neu\/wp-json\/wp\/v2\/posts\/1521\/revisions"}],"predecessor-version":[{"id":1868,"href":"https:\/\/uli-freese.de\/neu\/wp-json\/wp\/v2\/posts\/1521\/revisions\/1868"}],"wp:featuredmedia":[{"embeddable":true,"href":"https:\/\/uli-freese.de\/neu\/wp-json\/wp\/v2\/media\/1518"}],"wp:attachment":[{"href":"https:\/\/uli-freese.de\/neu\/wp-json\/wp\/v2\/media?parent=1521"}],"wp:term":[{"taxonomy":"category","embeddable":true,"href":"https:\/\/uli-freese.de\/neu\/wp-json\/wp\/v2\/categories?post=1521"},{"taxonomy":"post_tag","embeddable":true,"href":"https:\/\/uli-freese.de\/neu\/wp-json\/wp\/v2\/tags?post=1521"}],"curies":[{"name":"wp","href":"https:\/\/api.w.org\/{rel}","templated":true}]}}