{"id":1533,"date":"2017-04-07T13:29:15","date_gmt":"2017-04-07T11:29:15","guid":{"rendered":"http:\/\/uli-freese.de\/neu\/2017\/04\/07\/fuer-die-lausitz-rueckblick-auf-meine-wahlkreiswoche\/"},"modified":"2018-01-22T16:04:02","modified_gmt":"2018-01-22T15:04:02","slug":"fuer-die-lausitz-rueckblick-auf-meine-wahlkreiswoche","status":"publish","type":"post","link":"https:\/\/uli-freese.de\/neu\/2017\/04\/07\/fuer-die-lausitz-rueckblick-auf-meine-wahlkreiswoche\/","title":{"rendered":"F\u00fcr die Lausitz &#8211; R\u00fcckblick auf meine Wahlkreiswoche"},"content":{"rendered":"<p><img loading=\"lazy\" class=\" size-full wp-image-1530\" src=\"http:\/\/uli-freese.de\/neu\/wp-content\/uploads\/2017\/04\/20170403_SPB_CLeantech_Konferenz_1.JPG\" alt=\"20170403 SPB CLeantech Konferenz 1\" width=\"686\" height=\"515\" srcset=\"https:\/\/uli-freese.de\/neu\/wp-content\/uploads\/2017\/04\/20170403_SPB_CLeantech_Konferenz_1.JPG 1632w, https:\/\/uli-freese.de\/neu\/wp-content\/uploads\/2017\/04\/20170403_SPB_CLeantech_Konferenz_1-300x225.jpg 300w, https:\/\/uli-freese.de\/neu\/wp-content\/uploads\/2017\/04\/20170403_SPB_CLeantech_Konferenz_1-768x576.jpg 768w, https:\/\/uli-freese.de\/neu\/wp-content\/uploads\/2017\/04\/20170403_SPB_CLeantech_Konferenz_1-1024x768.jpg 1024w\" sizes=\"(max-width: 686px) 100vw, 686px\" \/><\/p>\n<p>Eine interessante Wahlkreiswoche liegt hinter mir und meinen Mitarbeitern in meinen Wahlkreisb\u00fcros.<\/p>\n<p><img loading=\"lazy\" class=\" alignright size-full wp-image-1531\" style=\"float: right;\" title=\"Parl. Staatssekret\u00e4rin Iris Gleicke begl\u00fcckw\u00fcnscht eines der Siegerprojekte der BTU Cottbus\" src=\"http:\/\/uli-freese.de\/neu\/wp-content\/uploads\/2017\/04\/20170403_SPB_CLeantech_Konferenz_2_Kreislaufwirtschaft_BTU_Foto_J%C3%BCrgen_Gebhardt.JPG\" alt=\"PR-Foto: J\u00fcrgen Gebhardr\" width=\"300\" height=\"200\" \/>Diese startete am Montag mit dem Besuch der Innovations-Konferenz \u201eCleantech als Chance f\u00fcr die wirtschaftliche Entwicklung in der Lausitz\u201c, veranstaltet durch die Cleantech Initiative Ostdeutschland. Bei dieser Konferenz im Industriepark Schwarze Pumpe wurden von Politik, Wirtschaft und Wissenschaft gemeinsam die Herausforderungen und Perspektiven unserer Region analysiert und diskutiert. Abgerundet wurde das Programm durch die Pr\u00e4sentation der Gewinner des studentischen Ideenwettbewerbs &#8222;Neue Wege gehen \u2013 Innovative Ideen f\u00fcr die wirtschaftliche Entwicklung in der Lausitz&#8220; durch die Parlamentarische Staatssekret\u00e4rin beim Bundesministerium f\u00fcr Wirtschaft und Energie und Beauftragte der Bundesregierung f\u00fcr die neuen Bundesl\u00e4nder, Iris Gleicke. Was mich gefreut hat, ist das von den nominierten Projekten sechs aus Cottbus kamen, darunter drei von vier ersten Pl\u00e4tzen. Unter anderem besch\u00e4ftigte sich ein Cottbuser Projekt mit der stofflichen Verwertung von Eisenhydroxidschlamm zur Herstellung eines Bodensubstrats, und ein weiteres mit dem Thema Ladetechnik f\u00fcr E-Mobilit\u00e4t. In Gespr\u00e4chen mit den jungen Leuten \u00fcber die Realisierung der Projekte konnte ich Empfehlungen geben. Ich werde auch weiterhin schauen, wie diese in die Wirtschaftspipeline kommen k\u00f6nnen, damit stoffliche Verwertung und Ladetechnik aus der Lausitz vom erfolgreichen Projekt zum erfolgreichen Produkt aus der Region werden k\u00f6nnen.<\/p>\n<p>Am Dienstag f\u00fchrte ich dann in meinem Spremberger Wahlkreisb\u00fcro Hintergrundgespr\u00e4che \u00fcber die Perspektiven der Lausitz mit der Spremberger B\u00fcrgermeisterin und Sprecherin der Lausitzrunde Christine Hertnier. Im Anschluss traf ich den stellvertretenden Spremberger B\u00fcrgermeister Frank Kulik zum Thema Schulsozialarbeit.<\/p>\n<p>Die Entwicklung der Tagebaurandgemeinde Taubendorf war das erste Thema am Mittwoch, in einem Gespr\u00e4ch mit dem Ortsvorsteher J\u00fcrgen Handreck in meinem Forster Wahlkreisb\u00fcro. F\u00fcr den Abend stand dann die Sitzung des Unterbezirksvorstandes der SPD Spree-Nei\u00dfe in meinem Terminkalender.<\/p>\n<p>Am Donnerstagmorgen traf ich mich mit dem B\u00fcrgermeister des Amtes Neuhausen zu einem Austausch \u00fcber die wirtschaftliche Entwicklung des Verkehrslandeplatzes in Neuhausen, ehe ich mich auf den Weg nach Guben machte. Seit dem 1. April l\u00e4uft hier ein mit europ\u00e4ischen F\u00f6rdermitteln unterst\u00fctztes Projekt \u201eGesundheit ohne Grenzen\u201c zur grenz\u00fcbergreifenden Gesundheitsvorsorge, wozu es im Gubener Naemi-Wilke-Stift einen hintergr\u00fcndigen Gedankenaustausch gab.<\/p>\n<p>Am Nachmittag stand ein Treffen mit Vertretern der Wirtschaftsinitiative Lausitz in meinem Terminkalender. Dazu traf ich mich in Cottbus mit dem WIL-Vorsitzenden Dr. von Bronk und den Gesch\u00e4ftsf\u00fchrern Klaus Aha und Dr. Lerche um \u00fcber unterschiedliche Projekte zu sprechen, die zur Strukturentwicklung der Lausitz beitragen k\u00f6nnen.<\/p>\n<p>Donnerstagabend habe ich mich mit Elternsprechern von Grundschulen getroffen, um \u00fcber die personelle Ausstattung mit Schulsozialarbeitern in Spremberger Grundschulen auszutauschen.<\/p>\n<p><img loading=\"lazy\" class=\" alignright size-full wp-image-1532\" style=\"float: right;\" src=\"http:\/\/uli-freese.de\/neu\/wp-content\/uploads\/2017\/04\/20170407_Berlin_IGBCE_SPB_Besuchergruppe_2.jpg\" alt=\"20170407 Berlin IGBCE SPB Besuchergruppe 2\" width=\"300\" height=\"200\" srcset=\"https:\/\/uli-freese.de\/neu\/wp-content\/uploads\/2017\/04\/20170407_Berlin_IGBCE_SPB_Besuchergruppe_2.jpg 1280w, https:\/\/uli-freese.de\/neu\/wp-content\/uploads\/2017\/04\/20170407_Berlin_IGBCE_SPB_Besuchergruppe_2-300x200.jpg 300w, https:\/\/uli-freese.de\/neu\/wp-content\/uploads\/2017\/04\/20170407_Berlin_IGBCE_SPB_Besuchergruppe_2-768x512.jpg 768w, https:\/\/uli-freese.de\/neu\/wp-content\/uploads\/2017\/04\/20170407_Berlin_IGBCE_SPB_Besuchergruppe_2-1024x682.jpg 1024w\" sizes=\"(max-width: 300px) 100vw, 300px\" \/>Heute f\u00fchrte mich mein Weg, trotz Wahlkreiswoche, nach Berlin. Dennoch ganz im Zeichen meines Wahlkreises: Ich durfte eine Besuchergruppe der IG BCE aus Spremberg im Deutschen Bundestag begr\u00fc\u00dfen. Nach einem Informationsvortrag im Plenarsaal stand dann eine politische Diskussions-Stunde auf dem Besuchsprogramm. Nat\u00fcrlich ging es auch hier um die Perspektiven f\u00fcr die Entwicklung der Lausitz, im Besonderen um die Zukunft der Lausitzer Braunkohle und die Arbeitspl\u00e4tze in der Region.<\/p>\n<p>Heute Abend findet dann die Landesdelegiertenkonferenz der IG BCE in Schwarzheide statt, an der ich teilnehmen werde.<\/p>\n<p>Morgen findet zum Abschluss dieser abwechslungsreichen Woche in Potsdam die Klausurtagung des SPD Landesvorstandes statt.<\/p>\n","protected":false},"excerpt":{"rendered":"<p>Eine interessante Wahlkreiswoche liegt hinter mir und meinen Mitarbeitern in meinen Wahlkreisb\u00fcros. Diese startete am Montag mit dem Besuch der Innovations-Konferenz \u201eCleantech als Chance f\u00fcr die wirtschaftliche Entwicklung in der Lausitz\u201c, veranstaltet durch die Cleantech Initiative Ostdeutschland. Bei dieser Konferenz im Industriepark Schwarze Pumpe wurden von Politik, Wirtschaft und Wissenschaft gemeinsam die Herausforderungen und Perspektiven [&hellip;]<\/p>\n","protected":false},"author":1,"featured_media":1530,"comment_status":"closed","ping_status":"open","sticky":false,"template":"","format":"standard","meta":[],"categories":[3],"tags":[],"_links":{"self":[{"href":"https:\/\/uli-freese.de\/neu\/wp-json\/wp\/v2\/posts\/1533"}],"collection":[{"href":"https:\/\/uli-freese.de\/neu\/wp-json\/wp\/v2\/posts"}],"about":[{"href":"https:\/\/uli-freese.de\/neu\/wp-json\/wp\/v2\/types\/post"}],"author":[{"embeddable":true,"href":"https:\/\/uli-freese.de\/neu\/wp-json\/wp\/v2\/users\/1"}],"replies":[{"embeddable":true,"href":"https:\/\/uli-freese.de\/neu\/wp-json\/wp\/v2\/comments?post=1533"}],"version-history":[{"count":1,"href":"https:\/\/uli-freese.de\/neu\/wp-json\/wp\/v2\/posts\/1533\/revisions"}],"predecessor-version":[{"id":1864,"href":"https:\/\/uli-freese.de\/neu\/wp-json\/wp\/v2\/posts\/1533\/revisions\/1864"}],"wp:featuredmedia":[{"embeddable":true,"href":"https:\/\/uli-freese.de\/neu\/wp-json\/wp\/v2\/media\/1530"}],"wp:attachment":[{"href":"https:\/\/uli-freese.de\/neu\/wp-json\/wp\/v2\/media?parent=1533"}],"wp:term":[{"taxonomy":"category","embeddable":true,"href":"https:\/\/uli-freese.de\/neu\/wp-json\/wp\/v2\/categories?post=1533"},{"taxonomy":"post_tag","embeddable":true,"href":"https:\/\/uli-freese.de\/neu\/wp-json\/wp\/v2\/tags?post=1533"}],"curies":[{"name":"wp","href":"https:\/\/api.w.org\/{rel}","templated":true}]}}