{"id":1538,"date":"2017-05-02T08:20:22","date_gmt":"2017-05-02T06:20:22","guid":{"rendered":"http:\/\/uli-freese.de\/neu\/2017\/05\/02\/zeit-fuer-gespraeche-die-mai-sprechstundentermine\/"},"modified":"2018-01-22T16:04:02","modified_gmt":"2018-01-22T15:04:02","slug":"zeit-fuer-gespraeche-die-mai-sprechstundentermine","status":"publish","type":"post","link":"https:\/\/uli-freese.de\/neu\/2017\/05\/02\/zeit-fuer-gespraeche-die-mai-sprechstundentermine\/","title":{"rendered":"Zeit f\u00fcr Gespr\u00e4che: Die Mai-Sprechstundentermine"},"content":{"rendered":"<p><img loading=\"lazy\" class=\" alignright size-full wp-image-1537\" style=\"float: right;\" src=\"http:\/\/uli-freese.de\/neu\/wp-content\/uploads\/2017\/05\/B%C3%BCrgersprechstunden_Plakat_NEU_2016_Final_cmyk.jpg\" alt=\"B\u00fcrgersprechstunden Plakat NEU 2016 Final cmyk\" width=\"300\" height=\"309\" \/>Zeit f\u00fcr Gespr\u00e4che. Zeit f\u00fcr Uli Freese. Vom pers\u00f6nlichen Problem beispielsweise mit Beh\u00f6rden bis hin zur Diskussion der aktuellen politischen Themen oder die Auswirkungen Berliner Entscheidungen auf den Wahlkreis, der direkte Draht zum Abgeordneten bietet M\u00f6glichkeiten f\u00fcr interessante Gespr\u00e4che und Dialoge.&nbsp;<\/p>\n<p><strong>Ich freue mich auf Ihren Beusch meiner kommenden B\u00fcrgersprechstunden im Mai:<\/strong><\/p>\n<p><strong><strong>B\u00fcrgersprechstunde Spremberg:<\/strong>&nbsp;&nbsp;<br \/><\/strong>Dienstag, 09. Mai 2017 &#8211; 10:00 bis 12:00 Uhr (Lange Str. 10, 03563\/6088860)<\/p>\n<p><strong>B\u00fcrgersprechstunde Forst:<br \/><\/strong>Dienstag, 09. Mai 2017 &#8211; 14:00 bis 16:00 Uhr (Cottbuser Stra\u00dfe 41e, 03562\/7670)<\/p>\n<p><strong><strong>B\u00fcrgersprechstunde Guben:<\/strong><br \/><\/strong>Donnerstag, 11. Mai 2017 &#8211; 10:00 bis 12:00 Uhr (Berliner Stra\u00dfe 35, 03561\/6860646)<\/p>\n<p><strong>B\u00fcrgersprechstunde Cottbus:<\/strong><br \/>Donnerstag, 11. Mai 2017- 14:00 &#8211; 16:00 Uhr (M\u00fchlenstra\u00dfe 17,0355\/78408470)<\/p>\n<p>eMail-Kontakt in die Wahlkreisb\u00fcros: stadt(a)ulrich-freese.de (Bsp.&nbsp;<a href=\"mailto:cottbus@...)\">cottbus@&#8230;)&nbsp;<\/a><\/p>\n<p>Auch au\u00dferhalb der o.g. Termine sind meine Mitarbeiter in den B\u00fcrgerb\u00fcros bem\u00fcht, individuelle Termine zu vereinbaren.<br \/>Mit * versehene Termine sind noch vorl\u00e4ufig.&nbsp;<\/p>\n<p><span style=\"font-size: 16px;\"><strong>&nbsp;<\/strong><\/span><\/p>\n","protected":false},"excerpt":{"rendered":"<p>Zeit f\u00fcr Gespr\u00e4che. Zeit f\u00fcr Uli Freese. Vom pers\u00f6nlichen Problem beispielsweise mit Beh\u00f6rden bis hin zur Diskussion der aktuellen politischen Themen oder die Auswirkungen Berliner Entscheidungen auf den Wahlkreis, der direkte Draht zum Abgeordneten bietet M\u00f6glichkeiten f\u00fcr interessante Gespr\u00e4che und Dialoge.&nbsp; Ich freue mich auf Ihren Beusch meiner kommenden B\u00fcrgersprechstunden im Mai: B\u00fcrgersprechstunde Spremberg:&nbsp;&nbsp;Dienstag, 09. [&hellip;]<\/p>\n","protected":false},"author":1,"featured_media":1537,"comment_status":"closed","ping_status":"open","sticky":false,"template":"","format":"standard","meta":[],"categories":[3],"tags":[],"_links":{"self":[{"href":"https:\/\/uli-freese.de\/neu\/wp-json\/wp\/v2\/posts\/1538"}],"collection":[{"href":"https:\/\/uli-freese.de\/neu\/wp-json\/wp\/v2\/posts"}],"about":[{"href":"https:\/\/uli-freese.de\/neu\/wp-json\/wp\/v2\/types\/post"}],"author":[{"embeddable":true,"href":"https:\/\/uli-freese.de\/neu\/wp-json\/wp\/v2\/users\/1"}],"replies":[{"embeddable":true,"href":"https:\/\/uli-freese.de\/neu\/wp-json\/wp\/v2\/comments?post=1538"}],"version-history":[{"count":1,"href":"https:\/\/uli-freese.de\/neu\/wp-json\/wp\/v2\/posts\/1538\/revisions"}],"predecessor-version":[{"id":1861,"href":"https:\/\/uli-freese.de\/neu\/wp-json\/wp\/v2\/posts\/1538\/revisions\/1861"}],"wp:featuredmedia":[{"embeddable":true,"href":"https:\/\/uli-freese.de\/neu\/wp-json\/wp\/v2\/media\/1537"}],"wp:attachment":[{"href":"https:\/\/uli-freese.de\/neu\/wp-json\/wp\/v2\/media?parent=1538"}],"wp:term":[{"taxonomy":"category","embeddable":true,"href":"https:\/\/uli-freese.de\/neu\/wp-json\/wp\/v2\/categories?post=1538"},{"taxonomy":"post_tag","embeddable":true,"href":"https:\/\/uli-freese.de\/neu\/wp-json\/wp\/v2\/tags?post=1538"}],"curies":[{"name":"wp","href":"https:\/\/api.w.org\/{rel}","templated":true}]}}