{"id":1540,"date":"2017-04-28T15:22:07","date_gmt":"2017-04-28T13:22:07","guid":{"rendered":"http:\/\/uli-freese.de\/neu\/2017\/04\/28\/gespraech-mit-kitaleitung-und-eltern-in-heinersbrueck\/"},"modified":"2018-01-22T16:04:02","modified_gmt":"2018-01-22T15:04:02","slug":"gespraech-mit-kitaleitung-und-eltern-in-heinersbrueck","status":"publish","type":"post","link":"https:\/\/uli-freese.de\/neu\/2017\/04\/28\/gespraech-mit-kitaleitung-und-eltern-in-heinersbrueck\/","title":{"rendered":"Gespr\u00e4ch mit Kitaleitung und Eltern in Heinersbr\u00fcck"},"content":{"rendered":"<p><img loading=\"lazy\" class=\" alignright size-full wp-image-1539\" style=\"float: right;\" src=\"http:\/\/uli-freese.de\/neu\/wp-content\/uploads\/2017\/04\/20170428_KITA_Heinerbr%C3%BCck_Uli_Freese_mit_Frau_Gabe.jpg\" alt=\"20170428 KITA Heinerbr\u00fcck Uli Freese mit Frau Gabe\" width=\"300\" height=\"225\" \/>Heute Nachmittag besuchte ich die Kita und Hort &#8222;Im Zeichen der Linde&#8220; in Heinersbr\u00fcck.<\/p>\n<p>Eltern und Kitabesch\u00e4ftigte haben sich mit der Bitte um Unterst\u00fctzung bei der Finanzierung von notwendigen Sanierungsma\u00dfnahmen an mich gewandt. Deshalb der heutige Vor-Ort-Termin mit Frau Gabe.<\/p>\n<p>Augenf\u00e4llig war f\u00fcr mich, dass der bauliche Innenzustand einer Behelfssituation entspricht und Malerarbeiten wieder erforderlich sind.<\/p>\n<div>\n<p>Bei der starken Nachfrage nach Kitapl\u00e4tzen in Heinersbr\u00fcck scheint eine Langfriststrategie angebracht, die da hei\u00dft aus einer Zweistandort Kita durch Neubau eine Einstandort-Konzeption zu entwickeln.<\/p>\n<p>Dazu passt gut, dass wir gerade im Deutschen Bundestag ein Sonderprogramm von \u00fcber 1,2 Milliarden Euro f\u00fcr Neubau, Modernisierung und zus\u00e4tzliche Kitapl\u00e4tze beschlossen haben.<\/p>\n<p>Kurzfristig will ich die Kitaleitung und engagierten Eltern bei der Beschaffung von Spenden unterst\u00fctzen, damit die erforderlichen Malerarbeiten gemacht werden k\u00f6nnen.<\/p>\n<\/p><\/div>\n","protected":false},"excerpt":{"rendered":"<p>Heute Nachmittag besuchte ich die Kita und Hort &#8222;Im Zeichen der Linde&#8220; in Heinersbr\u00fcck. Eltern und Kitabesch\u00e4ftigte haben sich mit der Bitte um Unterst\u00fctzung bei der Finanzierung von notwendigen Sanierungsma\u00dfnahmen an mich gewandt. Deshalb der heutige Vor-Ort-Termin mit Frau Gabe. Augenf\u00e4llig war f\u00fcr mich, dass der bauliche Innenzustand einer Behelfssituation entspricht und Malerarbeiten wieder erforderlich [&hellip;]<\/p>\n","protected":false},"author":1,"featured_media":1539,"comment_status":"closed","ping_status":"open","sticky":false,"template":"","format":"standard","meta":[],"categories":[3],"tags":[],"_links":{"self":[{"href":"https:\/\/uli-freese.de\/neu\/wp-json\/wp\/v2\/posts\/1540"}],"collection":[{"href":"https:\/\/uli-freese.de\/neu\/wp-json\/wp\/v2\/posts"}],"about":[{"href":"https:\/\/uli-freese.de\/neu\/wp-json\/wp\/v2\/types\/post"}],"author":[{"embeddable":true,"href":"https:\/\/uli-freese.de\/neu\/wp-json\/wp\/v2\/users\/1"}],"replies":[{"embeddable":true,"href":"https:\/\/uli-freese.de\/neu\/wp-json\/wp\/v2\/comments?post=1540"}],"version-history":[{"count":1,"href":"https:\/\/uli-freese.de\/neu\/wp-json\/wp\/v2\/posts\/1540\/revisions"}],"predecessor-version":[{"id":1862,"href":"https:\/\/uli-freese.de\/neu\/wp-json\/wp\/v2\/posts\/1540\/revisions\/1862"}],"wp:featuredmedia":[{"embeddable":true,"href":"https:\/\/uli-freese.de\/neu\/wp-json\/wp\/v2\/media\/1539"}],"wp:attachment":[{"href":"https:\/\/uli-freese.de\/neu\/wp-json\/wp\/v2\/media?parent=1540"}],"wp:term":[{"taxonomy":"category","embeddable":true,"href":"https:\/\/uli-freese.de\/neu\/wp-json\/wp\/v2\/categories?post=1540"},{"taxonomy":"post_tag","embeddable":true,"href":"https:\/\/uli-freese.de\/neu\/wp-json\/wp\/v2\/tags?post=1540"}],"curies":[{"name":"wp","href":"https:\/\/api.w.org\/{rel}","templated":true}]}}