{"id":1542,"date":"2017-05-02T09:59:16","date_gmt":"2017-05-02T07:59:16","guid":{"rendered":"http:\/\/uli-freese.de\/neu\/2017\/05\/02\/1-mai-in-forst-familien-und-kinderfest-der-spd\/"},"modified":"2018-01-22T16:04:02","modified_gmt":"2018-01-22T15:04:02","slug":"1-mai-in-forst-familien-und-kinderfest-der-spd","status":"publish","type":"post","link":"https:\/\/uli-freese.de\/neu\/2017\/05\/02\/1-mai-in-forst-familien-und-kinderfest-der-spd\/","title":{"rendered":"1. Mai in Forst: Familien- und Kinderfest der SPD"},"content":{"rendered":"<p><img loading=\"lazy\" class=\" size-full wp-image-1541\" src=\"http:\/\/uli-freese.de\/neu\/wp-content\/uploads\/2017\/05\/20170501_SPD_Forst_Uli_Rede.jpg\" alt=\"20170501 SPD Forst Uli Rede\" width=\"686\" height=\"457\" srcset=\"https:\/\/uli-freese.de\/neu\/wp-content\/uploads\/2017\/05\/20170501_SPD_Forst_Uli_Rede.jpg 2048w, https:\/\/uli-freese.de\/neu\/wp-content\/uploads\/2017\/05\/20170501_SPD_Forst_Uli_Rede-300x200.jpg 300w, https:\/\/uli-freese.de\/neu\/wp-content\/uploads\/2017\/05\/20170501_SPD_Forst_Uli_Rede-768x512.jpg 768w, https:\/\/uli-freese.de\/neu\/wp-content\/uploads\/2017\/05\/20170501_SPD_Forst_Uli_Rede-1024x683.jpg 1024w\" sizes=\"(max-width: 686px) 100vw, 686px\" \/> <\/p>\n<p>1. Mai in Forst: Zum Kinder- und Familienfest der SPD in Forst kamen &#8211; neben Ministerpr\u00e4sident Dietmar Woidke &#8211; rund 150 Besucherinnen und Besucher, die bei sonnigem Wetter ein tolles Kulturprogramm f\u00fcr Gro\u00df und Klein geboten bekamen. Ich habe viele gute kleinteilige Gespr\u00e4che f\u00fchren k\u00f6nnen.<\/p>\n<p>In meiner kurzen Ansprache habe ich deutlich gemacht, dass man der SPD wieder vertrauen kann. Dass die SPD Wort gehalten hat, wie beispielsweise beim Mindestlohn, der Rentenangleichung Ost\/West, der Erwerbsminderungsrente, der Vereinbarkeit von Familie und Beruf, und vielen vielen weiteren wichtigen Themen. Wir versprechen nicht nur, wir halten auch! Deshalb lohnt es sich gemeinsam gegen Feinde der Demokratie, gegen Nationalisten und Populisten vorzugehen und zu versuchen, dass die n\u00e4chsten vier Jahre mit einer starken SPD in der Bundesregierung die n\u00e4chsten Schritte zur Ausgestaltung einer sozial gerechten und von gegenseitigem Respekt gepr\u00e4gten Gesellschaft auf den Weg zu bringen.<\/p>\n<p>Weitere Fotos vom 1. Mai in Forst auf meiner <a href=\"http:\/\/www.facebook.com\/UliFreese\" target=\"_blank\">Facebook-Seite<\/a>:<\/p>\n<p><iframe loading=\"lazy\" src=\"https:\/\/www.facebook.com\/plugins\/post.php?href=https%3A%2F%2Fwww.facebook.com%2Fulifreese%2Fposts%2F1516638718347387&#038;width=500\" width=\"686\" height=\"784\" style=\"border:none;overflow:hidden\" scrolling=\"no\" frameborder=\"0\" allowTransparency=\"true\"><\/iframe><\/p>\n<div>\n<p>(Fotos: B\u00fcrgerb\u00fcro Forst, Paul Weisflog)<\/p>\n<\/p><\/div>\n","protected":false},"excerpt":{"rendered":"<p>1. Mai in Forst: Zum Kinder- und Familienfest der SPD in Forst kamen &#8211; neben Ministerpr\u00e4sident Dietmar Woidke &#8211; rund 150 Besucherinnen und Besucher, die bei sonnigem Wetter ein tolles Kulturprogramm f\u00fcr Gro\u00df und Klein geboten bekamen. Ich habe viele gute kleinteilige Gespr\u00e4che f\u00fchren k\u00f6nnen. In meiner kurzen Ansprache habe ich deutlich gemacht, dass man [&hellip;]<\/p>\n","protected":false},"author":1,"featured_media":1541,"comment_status":"closed","ping_status":"open","sticky":false,"template":"","format":"standard","meta":[],"categories":[2],"tags":[],"_links":{"self":[{"href":"https:\/\/uli-freese.de\/neu\/wp-json\/wp\/v2\/posts\/1542"}],"collection":[{"href":"https:\/\/uli-freese.de\/neu\/wp-json\/wp\/v2\/posts"}],"about":[{"href":"https:\/\/uli-freese.de\/neu\/wp-json\/wp\/v2\/types\/post"}],"author":[{"embeddable":true,"href":"https:\/\/uli-freese.de\/neu\/wp-json\/wp\/v2\/users\/1"}],"replies":[{"embeddable":true,"href":"https:\/\/uli-freese.de\/neu\/wp-json\/wp\/v2\/comments?post=1542"}],"version-history":[{"count":1,"href":"https:\/\/uli-freese.de\/neu\/wp-json\/wp\/v2\/posts\/1542\/revisions"}],"predecessor-version":[{"id":1860,"href":"https:\/\/uli-freese.de\/neu\/wp-json\/wp\/v2\/posts\/1542\/revisions\/1860"}],"wp:featuredmedia":[{"embeddable":true,"href":"https:\/\/uli-freese.de\/neu\/wp-json\/wp\/v2\/media\/1541"}],"wp:attachment":[{"href":"https:\/\/uli-freese.de\/neu\/wp-json\/wp\/v2\/media?parent=1542"}],"wp:term":[{"taxonomy":"category","embeddable":true,"href":"https:\/\/uli-freese.de\/neu\/wp-json\/wp\/v2\/categories?post=1542"},{"taxonomy":"post_tag","embeddable":true,"href":"https:\/\/uli-freese.de\/neu\/wp-json\/wp\/v2\/tags?post=1542"}],"curies":[{"name":"wp","href":"https:\/\/api.w.org\/{rel}","templated":true}]}}