{"id":1614,"date":"2017-07-02T13:50:27","date_gmt":"2017-07-02T11:50:27","guid":{"rendered":"http:\/\/uli-freese.de\/neu\/2017\/07\/02\/bergmannstag-in-steinitz-2\/"},"modified":"2018-01-22T16:03:49","modified_gmt":"2018-01-22T15:03:49","slug":"bergmannstag-in-steinitz-2","status":"publish","type":"post","link":"https:\/\/uli-freese.de\/neu\/2017\/07\/02\/bergmannstag-in-steinitz-2\/","title":{"rendered":"Bergmannstag in Steinitz"},"content":{"rendered":"<p><img loading=\"lazy\" class=\" size-full wp-image-1612\" title=\"Uli Freese beim Bergmannstag in Steinitz am 2. Juli 2017\" src=\"http:\/\/uli-freese.de\/neu\/wp-content\/uploads\/2017\/07\/20170702_Bergmannstag_Steinitz.jpg\" alt=\"(Foto: B\u00fcrgerb\u00fcro Spremberg, D. S\u00fc\u00dfmilch)\" width=\"686\" height=\"457\" srcset=\"https:\/\/uli-freese.de\/neu\/wp-content\/uploads\/2017\/07\/20170702_Bergmannstag_Steinitz.jpg 978w, https:\/\/uli-freese.de\/neu\/wp-content\/uploads\/2017\/07\/20170702_Bergmannstag_Steinitz-300x200.jpg 300w, https:\/\/uli-freese.de\/neu\/wp-content\/uploads\/2017\/07\/20170702_Bergmannstag_Steinitz-768x512.jpg 768w\" sizes=\"(max-width: 686px) 100vw, 686px\" \/><\/p>\n<p><img loading=\"lazy\" class=\" alignright size-full wp-image-1613\" style=\"float: right;\" src=\"http:\/\/uli-freese.de\/neu\/wp-content\/uploads\/2017\/07\/20170702_Bergmannstag_Steinitz_2.jpg\" alt=\"20170702 Bergmannstag Steinitz 2\" width=\"300\" height=\"200\" srcset=\"https:\/\/uli-freese.de\/neu\/wp-content\/uploads\/2017\/07\/20170702_Bergmannstag_Steinitz_2.jpg 2048w, https:\/\/uli-freese.de\/neu\/wp-content\/uploads\/2017\/07\/20170702_Bergmannstag_Steinitz_2-300x200.jpg 300w, https:\/\/uli-freese.de\/neu\/wp-content\/uploads\/2017\/07\/20170702_Bergmannstag_Steinitz_2-768x512.jpg 768w, https:\/\/uli-freese.de\/neu\/wp-content\/uploads\/2017\/07\/20170702_Bergmannstag_Steinitz_2-1024x682.jpg 1024w\" sizes=\"(max-width: 300px) 100vw, 300px\" \/>Zum 9. Mal schon haben heute sich ehemalige und aktive Bergleute und mit dem Bergbau verbundene B\u00fcrgerinnen und B\u00fcrger der Lausitz in Steinitz zum Bergmannstag getroffen. Aus diesem Anlass wurde eine Barbarastatue, der Schutzheiligen der Bergleute, an der Kirche in Steinitz feierlich mit einem Gottesdienst der \u00d6ffentlichkeit \u00fcbergeben.<\/p>\n<p>Anschlie\u00dfend zogen die beteigten Traditionsvereine u.a. aus Senftenberg, Lauchhammer, der Grube Merkur und vom Verein Lausitzer Bergleute unter dem Steigerlied zum Festplatz. &nbsp;In meinem Gru\u00dfwort an die Bergleute und G\u00e4ste des Bergmannstages, habe ich u.a. darauf verwiesen, dass eine gesicherte Energieversorgung unseres Landes heute und in der Zukunft nur mit der t\u00e4glichen Arbeit vieler flei\u00dfige Bergleute m\u00f6glich ist und sein wird.<\/p>\n<p>Weitere Fotos <a href=\"https:\/\/www.facebook.com\/ulifreese\/posts\/1578869842124274\" target=\"_blank\">auf meiner Facebookseite<\/a><\/p>\n","protected":false},"excerpt":{"rendered":"<p>Zum 9. Mal schon haben heute sich ehemalige und aktive Bergleute und mit dem Bergbau verbundene B\u00fcrgerinnen und B\u00fcrger der Lausitz in Steinitz zum Bergmannstag getroffen. Aus diesem Anlass wurde eine Barbarastatue, der Schutzheiligen der Bergleute, an der Kirche in Steinitz feierlich mit einem Gottesdienst der \u00d6ffentlichkeit \u00fcbergeben. Anschlie\u00dfend zogen die beteigten Traditionsvereine u.a. aus [&hellip;]<\/p>\n","protected":false},"author":1,"featured_media":1612,"comment_status":"closed","ping_status":"open","sticky":false,"template":"","format":"standard","meta":[],"categories":[3],"tags":[],"_links":{"self":[{"href":"https:\/\/uli-freese.de\/neu\/wp-json\/wp\/v2\/posts\/1614"}],"collection":[{"href":"https:\/\/uli-freese.de\/neu\/wp-json\/wp\/v2\/posts"}],"about":[{"href":"https:\/\/uli-freese.de\/neu\/wp-json\/wp\/v2\/types\/post"}],"author":[{"embeddable":true,"href":"https:\/\/uli-freese.de\/neu\/wp-json\/wp\/v2\/users\/1"}],"replies":[{"embeddable":true,"href":"https:\/\/uli-freese.de\/neu\/wp-json\/wp\/v2\/comments?post=1614"}],"version-history":[{"count":1,"href":"https:\/\/uli-freese.de\/neu\/wp-json\/wp\/v2\/posts\/1614\/revisions"}],"predecessor-version":[{"id":1834,"href":"https:\/\/uli-freese.de\/neu\/wp-json\/wp\/v2\/posts\/1614\/revisions\/1834"}],"wp:featuredmedia":[{"embeddable":true,"href":"https:\/\/uli-freese.de\/neu\/wp-json\/wp\/v2\/media\/1612"}],"wp:attachment":[{"href":"https:\/\/uli-freese.de\/neu\/wp-json\/wp\/v2\/media?parent=1614"}],"wp:term":[{"taxonomy":"category","embeddable":true,"href":"https:\/\/uli-freese.de\/neu\/wp-json\/wp\/v2\/categories?post=1614"},{"taxonomy":"post_tag","embeddable":true,"href":"https:\/\/uli-freese.de\/neu\/wp-json\/wp\/v2\/tags?post=1614"}],"curies":[{"name":"wp","href":"https:\/\/api.w.org\/{rel}","templated":true}]}}