{"id":180,"date":"2014-01-09T14:03:45","date_gmt":"2014-01-09T13:03:45","guid":{"rendered":"http:\/\/uli-freese.de\/neu\/2014\/01\/09\/informationsbesuch-bei-der-awo-spremberg\/"},"modified":"2018-01-22T16:09:18","modified_gmt":"2018-01-22T15:09:18","slug":"informationsbesuch-bei-der-awo-spremberg","status":"publish","type":"post","link":"https:\/\/uli-freese.de\/neu\/2014\/01\/09\/informationsbesuch-bei-der-awo-spremberg\/","title":{"rendered":"Informationsbesuch bei der AWO Spremberg"},"content":{"rendered":"<p><img loading=\"lazy\" class=\" size-full wp-image-179\" width=\"686\" height=\"520\" style=\"vertical-align: top;\" alt=\"Informationsbesuch bei der AWO Tagespflege in SPB\" src=\"http:\/\/uli-freese.de\/neu\/wp-content\/uploads\/2014\/01\/20140109_uli_bei__AWO_SPB_6.jpg\" \/><\/p>\n<p>Hier ein Foto meines heutigen Informationsgespr\u00e4chs in Spremberg. Zu Gast war ich bei der AWO-Tagespflege. Wir haben weitere gemeinsame Gespr\u00e4che zur Ansiedlung von medizinischen Leistungen im Geb\u00e4ude der AWO Spremberg vereinbart.<\/p>\n","protected":false},"excerpt":{"rendered":"<p>Hier ein Foto meines heutigen Informationsgespr\u00e4chs in Spremberg. Zu Gast war ich bei der AWO-Tagespflege. Wir haben weitere gemeinsame Gespr\u00e4che zur Ansiedlung von medizinischen Leistungen im Geb\u00e4ude der AWO Spremberg vereinbart.<\/p>\n","protected":false},"author":1,"featured_media":179,"comment_status":"closed","ping_status":"open","sticky":false,"template":"","format":"standard","meta":[],"categories":[2],"tags":[],"_links":{"self":[{"href":"https:\/\/uli-freese.de\/neu\/wp-json\/wp\/v2\/posts\/180"}],"collection":[{"href":"https:\/\/uli-freese.de\/neu\/wp-json\/wp\/v2\/posts"}],"about":[{"href":"https:\/\/uli-freese.de\/neu\/wp-json\/wp\/v2\/types\/post"}],"author":[{"embeddable":true,"href":"https:\/\/uli-freese.de\/neu\/wp-json\/wp\/v2\/users\/1"}],"replies":[{"embeddable":true,"href":"https:\/\/uli-freese.de\/neu\/wp-json\/wp\/v2\/comments?post=180"}],"version-history":[{"count":1,"href":"https:\/\/uli-freese.de\/neu\/wp-json\/wp\/v2\/posts\/180\/revisions"}],"predecessor-version":[{"id":2352,"href":"https:\/\/uli-freese.de\/neu\/wp-json\/wp\/v2\/posts\/180\/revisions\/2352"}],"wp:featuredmedia":[{"embeddable":true,"href":"https:\/\/uli-freese.de\/neu\/wp-json\/wp\/v2\/media\/179"}],"wp:attachment":[{"href":"https:\/\/uli-freese.de\/neu\/wp-json\/wp\/v2\/media?parent=180"}],"wp:term":[{"taxonomy":"category","embeddable":true,"href":"https:\/\/uli-freese.de\/neu\/wp-json\/wp\/v2\/categories?post=180"},{"taxonomy":"post_tag","embeddable":true,"href":"https:\/\/uli-freese.de\/neu\/wp-json\/wp\/v2\/tags?post=180"}],"curies":[{"name":"wp","href":"https:\/\/api.w.org\/{rel}","templated":true}]}}