{"id":245,"date":"2014-02-12T07:40:45","date_gmt":"2014-02-12T06:40:45","guid":{"rendered":"http:\/\/uli-freese.de\/neu\/2014\/02\/12\/lr-buergerbuero-der-spd-oeffnet-offiziell-seine-tuer\/"},"modified":"2018-01-22T16:08:56","modified_gmt":"2018-01-22T15:08:56","slug":"lr-buergerbuero-der-spd-oeffnet-offiziell-seine-tuer","status":"publish","type":"post","link":"https:\/\/uli-freese.de\/neu\/2014\/02\/12\/lr-buergerbuero-der-spd-oeffnet-offiziell-seine-tuer\/","title":{"rendered":"LR: B\u00fcrgerb\u00fcro der SPD \u00f6ffnet offiziell seine T\u00fcr"},"content":{"rendered":"<p>In der Spremberger Ausgabe vom 12. Februar (Seite 14) und bei LR-Online berichtete die Rundschau \u00fcber die offizielle B\u00fcroer\u00f6ffnung zusammen mit Dietmar Woidke am Freitag:<\/p>\n<p><a href=\"http:\/\/www.lr-online.de\/regionen\/spremberg\/Buergerbuero-der-SPD-oeffnet-offiziell-seine-Tuer;art1050,4481773\" target=\"_blank\"><img loading=\"lazy\" class=\" size-full wp-image-244\" width=\"686\" height=\"320\" alt=\"20140212 lr spb bericht\" src=\"http:\/\/uli-freese.de\/neu\/wp-content\/uploads\/2014\/02\/20140212_lr_spb_bericht.jpg\" srcset=\"https:\/\/uli-freese.de\/neu\/wp-content\/uploads\/2014\/02\/20140212_lr_spb_bericht.jpg 686w, https:\/\/uli-freese.de\/neu\/wp-content\/uploads\/2014\/02\/20140212_lr_spb_bericht-300x140.jpg 300w\" sizes=\"(max-width: 686px) 100vw, 686px\" \/><\/a><\/p>\n<p>Den gesamten LR-Online-Artikel gibt es nach dem Klick auf den Screenshot (Quelle: LR-Online)<\/p>\n","protected":false},"excerpt":{"rendered":"<p>In der Spremberger Ausgabe vom 12. Februar (Seite 14) und bei LR-Online berichtete die Rundschau \u00fcber die offizielle B\u00fcroer\u00f6ffnung zusammen mit Dietmar Woidke am Freitag: Den gesamten LR-Online-Artikel gibt es nach dem Klick auf den Screenshot (Quelle: LR-Online)<\/p>\n","protected":false},"author":1,"featured_media":244,"comment_status":"closed","ping_status":"open","sticky":false,"template":"","format":"standard","meta":[],"categories":[5],"tags":[],"_links":{"self":[{"href":"https:\/\/uli-freese.de\/neu\/wp-json\/wp\/v2\/posts\/245"}],"collection":[{"href":"https:\/\/uli-freese.de\/neu\/wp-json\/wp\/v2\/posts"}],"about":[{"href":"https:\/\/uli-freese.de\/neu\/wp-json\/wp\/v2\/types\/post"}],"author":[{"embeddable":true,"href":"https:\/\/uli-freese.de\/neu\/wp-json\/wp\/v2\/users\/1"}],"replies":[{"embeddable":true,"href":"https:\/\/uli-freese.de\/neu\/wp-json\/wp\/v2\/comments?post=245"}],"version-history":[{"count":1,"href":"https:\/\/uli-freese.de\/neu\/wp-json\/wp\/v2\/posts\/245\/revisions"}],"predecessor-version":[{"id":2326,"href":"https:\/\/uli-freese.de\/neu\/wp-json\/wp\/v2\/posts\/245\/revisions\/2326"}],"wp:featuredmedia":[{"embeddable":true,"href":"https:\/\/uli-freese.de\/neu\/wp-json\/wp\/v2\/media\/244"}],"wp:attachment":[{"href":"https:\/\/uli-freese.de\/neu\/wp-json\/wp\/v2\/media?parent=245"}],"wp:term":[{"taxonomy":"category","embeddable":true,"href":"https:\/\/uli-freese.de\/neu\/wp-json\/wp\/v2\/categories?post=245"},{"taxonomy":"post_tag","embeddable":true,"href":"https:\/\/uli-freese.de\/neu\/wp-json\/wp\/v2\/tags?post=245"}],"curies":[{"name":"wp","href":"https:\/\/api.w.org\/{rel}","templated":true}]}}