{"id":2528,"date":"2018-01-26T14:50:13","date_gmt":"2018-01-26T13:50:13","guid":{"rendered":"http:\/\/uli-freese.de\/neu\/?p=2528"},"modified":"2018-01-26T14:53:05","modified_gmt":"2018-01-26T13:53:05","slug":"ausstellungseroeffnung-demokratie-staerken-rechtsextremismus-bekaempfen-in-der-europaschule-guben","status":"publish","type":"post","link":"https:\/\/uli-freese.de\/neu\/2018\/01\/26\/ausstellungseroeffnung-demokratie-staerken-rechtsextremismus-bekaempfen-in-der-europaschule-guben\/","title":{"rendered":"Ausstellungser\u00f6ffnung &#8222;Demokratie st\u00e4rken &#8211; Rechtsextremismus bek\u00e4mpfen&#8220; in der Europaschule Guben"},"content":{"rendered":"<figure id=\"attachment_2529\" aria-describedby=\"caption-attachment-2529\" style=\"width: 1024px\" class=\"wp-caption alignnone\"><img loading=\"lazy\" class=\"size-large wp-image-2529\" src=\"http:\/\/uli-freese.de\/neu\/wp-content\/uploads\/2018\/01\/20180126-FES-Ausstellung-Europaschule-Guben-5-1024x683.jpg\" alt=\"\" width=\"1024\" height=\"683\" srcset=\"https:\/\/uli-freese.de\/neu\/wp-content\/uploads\/2018\/01\/20180126-FES-Ausstellung-Europaschule-Guben-5-1024x683.jpg 1024w, https:\/\/uli-freese.de\/neu\/wp-content\/uploads\/2018\/01\/20180126-FES-Ausstellung-Europaschule-Guben-5-300x200.jpg 300w, https:\/\/uli-freese.de\/neu\/wp-content\/uploads\/2018\/01\/20180126-FES-Ausstellung-Europaschule-Guben-5-768x512.jpg 768w, https:\/\/uli-freese.de\/neu\/wp-content\/uploads\/2018\/01\/20180126-FES-Ausstellung-Europaschule-Guben-5-830x553.jpg 830w, https:\/\/uli-freese.de\/neu\/wp-content\/uploads\/2018\/01\/20180126-FES-Ausstellung-Europaschule-Guben-5-230x153.jpg 230w, https:\/\/uli-freese.de\/neu\/wp-content\/uploads\/2018\/01\/20180126-FES-Ausstellung-Europaschule-Guben-5-350x233.jpg 350w, https:\/\/uli-freese.de\/neu\/wp-content\/uploads\/2018\/01\/20180126-FES-Ausstellung-Europaschule-Guben-5-480x320.jpg 480w\" sizes=\"(max-width: 1024px) 100vw, 1024px\" \/><figcaption id=\"caption-attachment-2529\" class=\"wp-caption-text\">Ausstellungser\u00f6ffnung &#8222;Demokratie st\u00e4rken &#8211; Rechtsextremismus bek\u00e4mpfen&#8220; in der Europaschule Guben<\/figcaption><\/figure>\n<p>Heute Vormittag durfte ich &#8211; einen Tag vor dem von den Vereinten Nationen ins Leben gerufenen internationalen Tag des Gedenkens an die Opfer des Holocaust &#8211; gemeinsam mit den Sch\u00fclerinnen und Sch\u00fclern der\u00a0<a href=\"http:\/\/www.europaschule-guben.com\/\" data-hovercard=\"\/ajax\/hovercard\/page.php?id=157987660897376&amp;extragetparams=%7B%22fref%22%3A%22mentions%22%7D\" data-hovercard-prefer-more-content-show=\"1\">Europaschule Marie &amp; Pierre Curie<\/a>\u00a0in Guben, ihrer Schulleiterin Berit Kreisig, sowie Juliane Meyer von der\u00a0<a href=\"https:\/\/www.fes.de\/landesbuero-brandenburg\/\" data-hovercard=\"\/ajax\/hovercard\/page.php?id=104683266866&amp;extragetparams=%7B%22fref%22%3A%22mentions%22%7D\" data-hovercard-prefer-more-content-show=\"1\">Friedrich-Ebert-Stiftung<\/a>\u00a0Brandenburg in der Schulaula die Ausstellung &#8222;Demokratie st\u00e4rken &#8211; Rechtsextremismus bek\u00e4mpfen&#8220; er\u00f6ffnen. Ich finde es gut und wichtig, dass sich junge Menschen mit dem Thema besch\u00e4ftigen, denn gerade hier an der Grenze sind Demokratie und Weltoffenheit eine besonder Aufgabe. Es macht mich stolz, dass sich die Sch\u00fclerinnen und Sch\u00fcler der 9. und 10. Klasse diesem Thema zuwenden, und aus diesem Wissen die richtigen Schl\u00fcsse ziehen, damit nie wieder Rassismus, Fremdenfeindlichkeit und V\u00f6lkermord dieses Land bestimmen, sondern gutes Zusammenleben! Denn: Demokratie st\u00e4rken hei\u00dft auch Demokratie leben!<!--more--><\/p>\n<figure id=\"attachment_2530\" aria-describedby=\"caption-attachment-2530\" style=\"width: 1024px\" class=\"wp-caption alignnone\"><img loading=\"lazy\" class=\"wp-image-2530 size-large\" src=\"http:\/\/uli-freese.de\/neu\/wp-content\/uploads\/2018\/01\/20180126-FES-Ausstellung-Europaschule-Guben-Pano-1-1024x296.jpg\" alt=\"\" width=\"1024\" height=\"296\" srcset=\"https:\/\/uli-freese.de\/neu\/wp-content\/uploads\/2018\/01\/20180126-FES-Ausstellung-Europaschule-Guben-Pano-1-1024x296.jpg 1024w, https:\/\/uli-freese.de\/neu\/wp-content\/uploads\/2018\/01\/20180126-FES-Ausstellung-Europaschule-Guben-Pano-1-300x87.jpg 300w, https:\/\/uli-freese.de\/neu\/wp-content\/uploads\/2018\/01\/20180126-FES-Ausstellung-Europaschule-Guben-Pano-1-768x222.jpg 768w, https:\/\/uli-freese.de\/neu\/wp-content\/uploads\/2018\/01\/20180126-FES-Ausstellung-Europaschule-Guben-Pano-1-830x240.jpg 830w, https:\/\/uli-freese.de\/neu\/wp-content\/uploads\/2018\/01\/20180126-FES-Ausstellung-Europaschule-Guben-Pano-1-230x66.jpg 230w, https:\/\/uli-freese.de\/neu\/wp-content\/uploads\/2018\/01\/20180126-FES-Ausstellung-Europaschule-Guben-Pano-1-350x101.jpg 350w, https:\/\/uli-freese.de\/neu\/wp-content\/uploads\/2018\/01\/20180126-FES-Ausstellung-Europaschule-Guben-Pano-1-480x139.jpg 480w\" sizes=\"(max-width: 1024px) 100vw, 1024px\" \/><figcaption id=\"caption-attachment-2530\" class=\"wp-caption-text\">Ausstellungser\u00f6ffnung &#8222;Demokratie st\u00e4rken &#8211; Rechtsextremismus bek\u00e4mpfen&#8220; in der Europaschule Guben<\/figcaption><\/figure>\n<figure id=\"attachment_2531\" aria-describedby=\"caption-attachment-2531\" style=\"width: 1024px\" class=\"wp-caption alignnone\"><img loading=\"lazy\" class=\"wp-image-2531 size-large\" src=\"http:\/\/uli-freese.de\/neu\/wp-content\/uploads\/2018\/01\/20180126-FES-Ausstellung-Europaschule-Guben-Pano-2-1024x317.jpg\" alt=\"\" width=\"1024\" height=\"317\" srcset=\"https:\/\/uli-freese.de\/neu\/wp-content\/uploads\/2018\/01\/20180126-FES-Ausstellung-Europaschule-Guben-Pano-2-1024x317.jpg 1024w, https:\/\/uli-freese.de\/neu\/wp-content\/uploads\/2018\/01\/20180126-FES-Ausstellung-Europaschule-Guben-Pano-2-300x93.jpg 300w, https:\/\/uli-freese.de\/neu\/wp-content\/uploads\/2018\/01\/20180126-FES-Ausstellung-Europaschule-Guben-Pano-2-768x238.jpg 768w, https:\/\/uli-freese.de\/neu\/wp-content\/uploads\/2018\/01\/20180126-FES-Ausstellung-Europaschule-Guben-Pano-2-830x257.jpg 830w, https:\/\/uli-freese.de\/neu\/wp-content\/uploads\/2018\/01\/20180126-FES-Ausstellung-Europaschule-Guben-Pano-2-230x71.jpg 230w, https:\/\/uli-freese.de\/neu\/wp-content\/uploads\/2018\/01\/20180126-FES-Ausstellung-Europaschule-Guben-Pano-2-350x108.jpg 350w, https:\/\/uli-freese.de\/neu\/wp-content\/uploads\/2018\/01\/20180126-FES-Ausstellung-Europaschule-Guben-Pano-2-480x149.jpg 480w\" sizes=\"(max-width: 1024px) 100vw, 1024px\" \/><figcaption id=\"caption-attachment-2531\" class=\"wp-caption-text\">Ausstellungser\u00f6ffnung &#8222;Demokratie st\u00e4rken &#8211; Rechtsextremismus bek\u00e4mpfen&#8220; in der Europaschule Guben<\/figcaption><\/figure>\n<div>\n<p>Ich bin angetan vom Engagement heute in Guben, und als Dank f\u00fcr ihre tolle Arbeit und zur Festigung ihres demokratischen Grundverst\u00e4ndnisses habe ich die Sch\u00fclerinnen und Sch\u00fcler nach Berlin in den Deutschen Bundestag eingeladen. Es freut mich, dass die Schulleiterin Frau Kreisig dieser Fahrt heute gleich zugestimmt hat.<\/p>\n<\/div>\n","protected":false},"excerpt":{"rendered":"<p>Heute Vormittag durfte ich &#8211; einen Tag vor dem von den Vereinten Nationen ins Leben gerufenen internationalen Tag des Gedenkens an die Opfer des Holocaust &#8211; gemeinsam mit den Sch\u00fclerinnen und Sch\u00fclern der\u00a0Europaschule Marie &amp; Pierre Curie\u00a0in Guben, ihrer Schulleiterin Berit Kreisig, sowie Juliane Meyer von der\u00a0Friedrich-Ebert-Stiftung\u00a0Brandenburg in der Schulaula die Ausstellung &#8222;Demokratie st\u00e4rken &#8211; [&hellip;]<\/p>\n","protected":false},"author":2,"featured_media":0,"comment_status":"closed","ping_status":"closed","sticky":false,"template":"","format":"standard","meta":[],"categories":[3],"tags":[],"_links":{"self":[{"href":"https:\/\/uli-freese.de\/neu\/wp-json\/wp\/v2\/posts\/2528"}],"collection":[{"href":"https:\/\/uli-freese.de\/neu\/wp-json\/wp\/v2\/posts"}],"about":[{"href":"https:\/\/uli-freese.de\/neu\/wp-json\/wp\/v2\/types\/post"}],"author":[{"embeddable":true,"href":"https:\/\/uli-freese.de\/neu\/wp-json\/wp\/v2\/users\/2"}],"replies":[{"embeddable":true,"href":"https:\/\/uli-freese.de\/neu\/wp-json\/wp\/v2\/comments?post=2528"}],"version-history":[{"count":5,"href":"https:\/\/uli-freese.de\/neu\/wp-json\/wp\/v2\/posts\/2528\/revisions"}],"predecessor-version":[{"id":2536,"href":"https:\/\/uli-freese.de\/neu\/wp-json\/wp\/v2\/posts\/2528\/revisions\/2536"}],"wp:attachment":[{"href":"https:\/\/uli-freese.de\/neu\/wp-json\/wp\/v2\/media?parent=2528"}],"wp:term":[{"taxonomy":"category","embeddable":true,"href":"https:\/\/uli-freese.de\/neu\/wp-json\/wp\/v2\/categories?post=2528"},{"taxonomy":"post_tag","embeddable":true,"href":"https:\/\/uli-freese.de\/neu\/wp-json\/wp\/v2\/tags?post=2528"}],"curies":[{"name":"wp","href":"https:\/\/api.w.org\/{rel}","templated":true}]}}