{"id":260,"date":"2014-02-14T20:22:36","date_gmt":"2014-02-14T19:22:36","guid":{"rendered":"http:\/\/uli-freese.de\/neu\/2014\/02\/14\/buergerbuero-in-spremberg-offiziell-eroeffnet\/"},"modified":"2018-01-22T16:08:56","modified_gmt":"2018-01-22T15:08:56","slug":"buergerbuero-in-spremberg-offiziell-eroeffnet","status":"publish","type":"post","link":"https:\/\/uli-freese.de\/neu\/2014\/02\/14\/buergerbuero-in-spremberg-offiziell-eroeffnet\/","title":{"rendered":"B\u00fcrgerb\u00fcro in Spremberg offiziell er\u00f6ffnet"},"content":{"rendered":"<p><span class=\"fbPhotoCaptionText\"><img loading=\"lazy\" class=\" size-full wp-image-257\" width=\"686\" height=\"459\" alt=\"20140214 SPB Buero2\" src=\"http:\/\/uli-freese.de\/neu\/wp-content\/uploads\/2014\/02\/20140214_SPB_Buero2.jpg\" srcset=\"https:\/\/uli-freese.de\/neu\/wp-content\/uploads\/2014\/02\/20140214_SPB_Buero2.jpg 686w, https:\/\/uli-freese.de\/neu\/wp-content\/uploads\/2014\/02\/20140214_SPB_Buero2-300x201.jpg 300w\" sizes=\"(max-width: 686px) 100vw, 686px\" \/><\/span><\/p>\n<p><span class=\"fbPhotoCaptionText\">Heute wurde das schon seit einigen Wochen arbeitende gemeinsame Spremberger SPD-B\u00fcrgerb\u00fcro von MdL Dr. Dietmar Woidke und MdB Uli Freese offiziell er\u00f6ffnet. Viele geladene und spontane G\u00e4ste waren dabei, als ein gut gelaunter Ministerpr\u00e4sident und ich alle Spremberger dazu aufriefen, in Zukunft gerne mit uns hier Kontakt aufzunehmen. Auch LR-Redakteur Ren\u00e9 Wappler geh\u00f6rte zu den G\u00e4sten, er schrieb am Samstag dann in der Zeitung: <a href=\"https:\/\/www.lr-online.de\/regionen\/spremberg\/SPD-eroeffnet-neues-Buero-in-Spremberg;art1050,4485604\" target=\"_blank\">Artikel<\/a><\/span><a href=\"https:\/\/www.lr-online.de\/regionen\/spremberg\/SPD-eroeffnet-neues-Buero-in-Spremberg;art1050,4485604\" target=\"_blank\">&nbsp;vom 15.02.2014 Ausgabe Spremberg <\/a><\/p>\n<p><img loading=\"lazy\" class=\" size-full wp-image-258\" width=\"686\" height=\"1098\" alt=\"20140214 SPB Buero3\" src=\"http:\/\/uli-freese.de\/neu\/wp-content\/uploads\/2014\/02\/20140214_SPB_Buero3.jpg\" \/><\/p>\n<p>Weitere Fotos von der Er\u00f6ffnung gibt es auf meiner Facebook-Seite <a href=\"https:\/\/www.facebook.com\/media\/set\/?set=a.742538085757458.1073741829.550158624995406&amp;type=1&amp;l=6423e3a6a9\" target=\"_blank\">www.facebook.com\/ulifreese<\/a> (f\u00fcr alle sichtbar)<\/p>\n<p><img loading=\"lazy\" class=\" size-full wp-image-259\" width=\"686\" height=\"459\" alt=\"20140214 SPB Buero1\" src=\"http:\/\/uli-freese.de\/neu\/wp-content\/uploads\/2014\/02\/20140214_SPB_Buero1.jpg\" srcset=\"https:\/\/uli-freese.de\/neu\/wp-content\/uploads\/2014\/02\/20140214_SPB_Buero1.jpg 686w, https:\/\/uli-freese.de\/neu\/wp-content\/uploads\/2014\/02\/20140214_SPB_Buero1-300x201.jpg 300w\" sizes=\"(max-width: 686px) 100vw, 686px\" \/><\/p>\n<p>&nbsp;<\/p>\n","protected":false},"excerpt":{"rendered":"<p>Heute wurde das schon seit einigen Wochen arbeitende gemeinsame Spremberger SPD-B\u00fcrgerb\u00fcro von MdL Dr. Dietmar Woidke und MdB Uli Freese offiziell er\u00f6ffnet. Viele geladene und spontane G\u00e4ste waren dabei, als ein gut gelaunter Ministerpr\u00e4sident und ich alle Spremberger dazu aufriefen, in Zukunft gerne mit uns hier Kontakt aufzunehmen. Auch LR-Redakteur Ren\u00e9 Wappler geh\u00f6rte zu den [&hellip;]<\/p>\n","protected":false},"author":1,"featured_media":257,"comment_status":"closed","ping_status":"open","sticky":false,"template":"","format":"standard","meta":[],"categories":[3],"tags":[],"_links":{"self":[{"href":"https:\/\/uli-freese.de\/neu\/wp-json\/wp\/v2\/posts\/260"}],"collection":[{"href":"https:\/\/uli-freese.de\/neu\/wp-json\/wp\/v2\/posts"}],"about":[{"href":"https:\/\/uli-freese.de\/neu\/wp-json\/wp\/v2\/types\/post"}],"author":[{"embeddable":true,"href":"https:\/\/uli-freese.de\/neu\/wp-json\/wp\/v2\/users\/1"}],"replies":[{"embeddable":true,"href":"https:\/\/uli-freese.de\/neu\/wp-json\/wp\/v2\/comments?post=260"}],"version-history":[{"count":1,"href":"https:\/\/uli-freese.de\/neu\/wp-json\/wp\/v2\/posts\/260\/revisions"}],"predecessor-version":[{"id":2319,"href":"https:\/\/uli-freese.de\/neu\/wp-json\/wp\/v2\/posts\/260\/revisions\/2319"}],"wp:featuredmedia":[{"embeddable":true,"href":"https:\/\/uli-freese.de\/neu\/wp-json\/wp\/v2\/media\/257"}],"wp:attachment":[{"href":"https:\/\/uli-freese.de\/neu\/wp-json\/wp\/v2\/media?parent=260"}],"wp:term":[{"taxonomy":"category","embeddable":true,"href":"https:\/\/uli-freese.de\/neu\/wp-json\/wp\/v2\/categories?post=260"},{"taxonomy":"post_tag","embeddable":true,"href":"https:\/\/uli-freese.de\/neu\/wp-json\/wp\/v2\/tags?post=260"}],"curies":[{"name":"wp","href":"https:\/\/api.w.org\/{rel}","templated":true}]}}