{"id":265,"date":"2014-02-17T10:41:14","date_gmt":"2014-02-17T09:41:14","guid":{"rendered":"http:\/\/uli-freese.de\/neu\/2014\/02\/17\/cottbus-hat-farbe-bekannt-nazimarsch-fruehzeitig-beendet\/"},"modified":"2018-01-22T16:08:56","modified_gmt":"2018-01-22T15:08:56","slug":"cottbus-hat-farbe-bekannt-nazimarsch-fruehzeitig-beendet","status":"publish","type":"post","link":"https:\/\/uli-freese.de\/neu\/2014\/02\/17\/cottbus-hat-farbe-bekannt-nazimarsch-fruehzeitig-beendet\/","title":{"rendered":"Cottbus hat Farbe bekannt &#8211; Nazimarsch fr\u00fchzeitig beendet"},"content":{"rendered":"<p>&nbsp;<img loading=\"lazy\" class=\" size-full wp-image-261\" width=\"686\" height=\"457\" alt=\"20140215 cbbf 3\" src=\"http:\/\/uli-freese.de\/neu\/wp-content\/uploads\/2014\/02\/20140215_cbbf_3.jpg\" srcset=\"https:\/\/uli-freese.de\/neu\/wp-content\/uploads\/2014\/02\/20140215_cbbf_3.jpg 686w, https:\/\/uli-freese.de\/neu\/wp-content\/uploads\/2014\/02\/20140215_cbbf_3-300x200.jpg 300w\" sizes=\"(max-width: 686px) 100vw, 686px\" \/><\/p>\n<p>Ich stelle mich seit vielen Jahren gegen alte und neue Nazis in unserer Heimat. Das tue ich in Spremberg genauso wie am Wochenende in Cottbus. Die Bombenangriffe auf die Stadt vor 69 Jahren sollten wieder einmal f\u00fcr braune Propaganda und Nazi-Gedankentum missbraucht werden. Das hat sich eine ganze Stadt wieder einmal erfolgreich nicht gefallen lassen! <span class=\"fbPhotoCaptionText\"><img loading=\"lazy\" class=\" alignright size-full wp-image-262\" width=\"250\" height=\"167\" style=\"float: right;\" alt=\"20140215 cbbf 1\" src=\"http:\/\/uli-freese.de\/neu\/wp-content\/uploads\/2014\/02\/20140215_cbbf_1.jpg\" srcset=\"https:\/\/uli-freese.de\/neu\/wp-content\/uploads\/2014\/02\/20140215_cbbf_1.jpg 686w, https:\/\/uli-freese.de\/neu\/wp-content\/uploads\/2014\/02\/20140215_cbbf_1-300x200.jpg 300w\" sizes=\"(max-width: 250px) 100vw, 250px\" \/><\/span>Ergebnis war eine <span class=\"fbPhotoCaptionText\">Demonstration der Cottbuser Demokraten gegen den NPD-Aufmarsch in unserer Stadt. Gemeinsam mit der <a href=\"https:\/\/www.facebook.com\/pages\/SPD-Cottbus\/193705210680587\" data-hovercard=\"\/ajax\/hovercard\/page.php?id=193705210680587&amp;extragetparams=%7B%22directed_target_id%22%3A0%7D\">SPD Cottbus<\/a>, der Stadtspitze, dem Cottbuser Aufbruch und vielen B\u00fcrgerinnen und B\u00fcrgern war auch ich auf der Stra\u00dfe! <\/span><\/p>\n<p><span class=\"fbPhotoCaptionText\"><\/span><span class=\"fbPhotoCaptionText\">Treffpunkt war um 9 Uhr auf dem Altmarkt zum gemeinsamen Fr\u00fchst\u00fcck mit der SPD Cottbus und Spree-Nei\u00dfe. Von dort ging es&nbsp; &#8211; gemeinsam mit Brandenburgs Bildungsministerin Martina M\u00fcnch (Mit-Gr\u00fcnderin des Cottbuser Aufbruchs); dem SPD-Unterbezirksvorsitzenden Werner Schaaf&nbsp;und Berndt Wei\u00dfe (Leiter des <\/span><span class=\"fbPhotoCaptionText\">Gesch\u00e4ftsbereiches Jugend, Kultur, Soziales der Stadt) &#8211; an der Spitze der Demonstration zur Abschlu\u00dfkundgebung am Staatstheater.<\/span><\/p>\n<p><span class=\"fbPhotoCaptionText\"><img loading=\"lazy\" class=\" size-full wp-image-263\" width=\"686\" height=\"457\" alt=\"20140215 cbbf 2\" src=\"http:\/\/uli-freese.de\/neu\/wp-content\/uploads\/2014\/02\/20140215_cbbf_2.jpg\" srcset=\"https:\/\/uli-freese.de\/neu\/wp-content\/uploads\/2014\/02\/20140215_cbbf_2.jpg 686w, https:\/\/uli-freese.de\/neu\/wp-content\/uploads\/2014\/02\/20140215_cbbf_2-300x200.jpg 300w\" sizes=\"(max-width: 686px) 100vw, 686px\" \/><\/span><\/p>\n<p>Durch zahlreise engagierte B\u00fcrgerinnen und B\u00fcrger konnte der geplante Nazi-Marsch durch unsere Stadt auf nur wenige hundert Meter beschr\u00e4nkt werden, ehe die Ewiggestrigen von der Polizei wieder zur\u00fcck zum Bahnhof eskortiert wurden.<\/p>\n<p><span class=\"fbPhotoCaptionText\">Viele Bilder des Tages gibt es im \u00f6ffentlichen Album auf meiner Facebook-Seite <a href=\"https:\/\/www.facebook.com\/media\/set\/?set=a.742981119046488.1073741830.550158624995406&amp;type=1&amp;l=2cfbd42a6b\" target=\"_parent\">facebook.com\/ulifreese<\/a> (f\u00fcr alle sichtbar)<\/span><\/p>\n<p><span class=\"fbPhotoCaptionText\"><img loading=\"lazy\" class=\" size-full wp-image-264\" width=\"686\" height=\"457\" alt=\"20140215 cbbf 4\" src=\"http:\/\/uli-freese.de\/neu\/wp-content\/uploads\/2014\/02\/20140215_cbbf_4.jpg\" srcset=\"https:\/\/uli-freese.de\/neu\/wp-content\/uploads\/2014\/02\/20140215_cbbf_4.jpg 686w, https:\/\/uli-freese.de\/neu\/wp-content\/uploads\/2014\/02\/20140215_cbbf_4-300x200.jpg 300w\" sizes=\"(max-width: 686px) 100vw, 686px\" \/><\/span><\/p>\n<p>(UFT)<\/p>\n","protected":false},"excerpt":{"rendered":"<p>&nbsp; Ich stelle mich seit vielen Jahren gegen alte und neue Nazis in unserer Heimat. Das tue ich in Spremberg genauso wie am Wochenende in Cottbus. Die Bombenangriffe auf die Stadt vor 69 Jahren sollten wieder einmal f\u00fcr braune Propaganda und Nazi-Gedankentum missbraucht werden. Das hat sich eine ganze Stadt wieder einmal erfolgreich nicht gefallen [&hellip;]<\/p>\n","protected":false},"author":1,"featured_media":261,"comment_status":"closed","ping_status":"open","sticky":false,"template":"","format":"standard","meta":[],"categories":[3],"tags":[],"_links":{"self":[{"href":"https:\/\/uli-freese.de\/neu\/wp-json\/wp\/v2\/posts\/265"}],"collection":[{"href":"https:\/\/uli-freese.de\/neu\/wp-json\/wp\/v2\/posts"}],"about":[{"href":"https:\/\/uli-freese.de\/neu\/wp-json\/wp\/v2\/types\/post"}],"author":[{"embeddable":true,"href":"https:\/\/uli-freese.de\/neu\/wp-json\/wp\/v2\/users\/1"}],"replies":[{"embeddable":true,"href":"https:\/\/uli-freese.de\/neu\/wp-json\/wp\/v2\/comments?post=265"}],"version-history":[{"count":1,"href":"https:\/\/uli-freese.de\/neu\/wp-json\/wp\/v2\/posts\/265\/revisions"}],"predecessor-version":[{"id":2317,"href":"https:\/\/uli-freese.de\/neu\/wp-json\/wp\/v2\/posts\/265\/revisions\/2317"}],"wp:featuredmedia":[{"embeddable":true,"href":"https:\/\/uli-freese.de\/neu\/wp-json\/wp\/v2\/media\/261"}],"wp:attachment":[{"href":"https:\/\/uli-freese.de\/neu\/wp-json\/wp\/v2\/media?parent=265"}],"wp:term":[{"taxonomy":"category","embeddable":true,"href":"https:\/\/uli-freese.de\/neu\/wp-json\/wp\/v2\/categories?post=265"},{"taxonomy":"post_tag","embeddable":true,"href":"https:\/\/uli-freese.de\/neu\/wp-json\/wp\/v2\/tags?post=265"}],"curies":[{"name":"wp","href":"https:\/\/api.w.org\/{rel}","templated":true}]}}