{"id":269,"date":"2014-02-15T14:07:20","date_gmt":"2014-02-15T13:07:20","guid":{"rendered":"http:\/\/uli-freese.de\/neu\/2014\/02\/15\/lr-spd-eroeffnet-neues-buero-in-spremberg\/"},"modified":"2018-01-22T16:08:56","modified_gmt":"2018-01-22T15:08:56","slug":"lr-spd-eroeffnet-neues-buero-in-spremberg","status":"publish","type":"post","link":"https:\/\/uli-freese.de\/neu\/2014\/02\/15\/lr-spd-eroeffnet-neues-buero-in-spremberg\/","title":{"rendered":"LR: SPD er\u00f6ffnet neues B\u00fcro in Spremberg"},"content":{"rendered":"<p>Rundschau-Redakteur Ren\u00e9 Wappler war bei der B\u00fcroer\u00f6ffnung in Spremberg zu Gast. Am Samstag schrieb er in der Lausitzer Rundschau dazu:<\/p>\n<p><a href=\"http:\/\/www.lr-online.de\/regionen\/spremberg\/SPD-eroeffnet-neues-Buero-in-Spremberg;art1050,4485604\" target=\"_blank\"><img loading=\"lazy\" class=\" size-full wp-image-268\" width=\"686\" height=\"559\" alt=\"20140215 lr artikel anriss\" src=\"http:\/\/uli-freese.de\/neu\/wp-content\/uploads\/2014\/02\/20140215_lr_artikel_anriss.jpg\" srcset=\"https:\/\/uli-freese.de\/neu\/wp-content\/uploads\/2014\/02\/20140215_lr_artikel_anriss.jpg 686w, https:\/\/uli-freese.de\/neu\/wp-content\/uploads\/2014\/02\/20140215_lr_artikel_anriss-300x244.jpg 300w\" sizes=\"(max-width: 686px) 100vw, 686px\" \/><\/a><\/p>\n<p>(Mehr lesen Sie&nbsp;nach einem&nbsp;Klick auf das Bild &#8211; Quelle: lr-online.de)<\/p>\n","protected":false},"excerpt":{"rendered":"<p>Rundschau-Redakteur Ren\u00e9 Wappler war bei der B\u00fcroer\u00f6ffnung in Spremberg zu Gast. Am Samstag schrieb er in der Lausitzer Rundschau dazu: (Mehr lesen Sie&nbsp;nach einem&nbsp;Klick auf das Bild &#8211; Quelle: lr-online.de)<\/p>\n","protected":false},"author":1,"featured_media":268,"comment_status":"closed","ping_status":"open","sticky":false,"template":"","format":"standard","meta":[],"categories":[5],"tags":[],"_links":{"self":[{"href":"https:\/\/uli-freese.de\/neu\/wp-json\/wp\/v2\/posts\/269"}],"collection":[{"href":"https:\/\/uli-freese.de\/neu\/wp-json\/wp\/v2\/posts"}],"about":[{"href":"https:\/\/uli-freese.de\/neu\/wp-json\/wp\/v2\/types\/post"}],"author":[{"embeddable":true,"href":"https:\/\/uli-freese.de\/neu\/wp-json\/wp\/v2\/users\/1"}],"replies":[{"embeddable":true,"href":"https:\/\/uli-freese.de\/neu\/wp-json\/wp\/v2\/comments?post=269"}],"version-history":[{"count":1,"href":"https:\/\/uli-freese.de\/neu\/wp-json\/wp\/v2\/posts\/269\/revisions"}],"predecessor-version":[{"id":2318,"href":"https:\/\/uli-freese.de\/neu\/wp-json\/wp\/v2\/posts\/269\/revisions\/2318"}],"wp:featuredmedia":[{"embeddable":true,"href":"https:\/\/uli-freese.de\/neu\/wp-json\/wp\/v2\/media\/268"}],"wp:attachment":[{"href":"https:\/\/uli-freese.de\/neu\/wp-json\/wp\/v2\/media?parent=269"}],"wp:term":[{"taxonomy":"category","embeddable":true,"href":"https:\/\/uli-freese.de\/neu\/wp-json\/wp\/v2\/categories?post=269"},{"taxonomy":"post_tag","embeddable":true,"href":"https:\/\/uli-freese.de\/neu\/wp-json\/wp\/v2\/tags?post=269"}],"curies":[{"name":"wp","href":"https:\/\/api.w.org\/{rel}","templated":true}]}}