{"id":27,"date":"2013-02-20T11:20:00","date_gmt":"2013-02-20T10:20:00","guid":{"rendered":"http:\/\/uli-freese.de\/neu\/2013\/02\/20\/verockerung-der-spree\/"},"modified":"2018-01-22T16:10:10","modified_gmt":"2018-01-22T15:10:10","slug":"verockerung-der-spree","status":"publish","type":"post","link":"https:\/\/uli-freese.de\/neu\/2013\/02\/20\/verockerung-der-spree\/","title":{"rendered":"Pressemitteilung:  Verockerung der Spree"},"content":{"rendered":"<p><span style=\"font-family: 'Arial','sans-serif';\">Zum gestrigen Artikel in der Lausitzer Rundschau zum Thema Verockerung der Spree ( \u201eBraune Br\u00fche schockiert Politiker\u201c), erkl\u00e4rt der SPD Bundestagskandidat <b>Ulrich Freese<\/b>:<\/span><\/p>\n<p><b><span style=\"font-family: 'Arial','sans-serif';\">Probleme des Wiederanstiegs des Grundwassers in der Lausitz seit 1990 bekannt!<\/span><\/b><\/p>\n<p style=\"text-align: justify;\"><span style=\"font-family: 'Arial','sans-serif';\">&nbsp;<\/span><\/p>\n<p style=\"text-align: justify;\"><span style=\"font-family: 'Arial','sans-serif';\">\u201eEs war klar, dass mit der Stilllegung von Tagebauen und dem Einstellen des Abpumpens von Grundwasser eine Vern\u00e4ssung, wie in Senftenberg, Zerre, Terpe und anderen Orten in der Lausitz seit Jahren sichtbar, auftreten wird. Das Schadstoffaussp\u00fclungen alter Bergbau- und Chemieaktivit\u00e4ten zus\u00e4tzliches Gef\u00e4hrdungspotential sein k\u00f6nnen, ist ebenfalls hinl\u00e4nglich diskutiert worden. Deshalb habe ich schon 1997, als eine drastische K\u00fcrzung der Bergbausanierungsmittel durch die CDU gef\u00fchrte Bundesregierung im Raum stand, massiv gefordert, dass bei der Ausfinanzierung des zweiten Verwaltungsabkommens und weiterer, dass Thema Wiederanstieg des Grundwassers ausreichend mit ber\u00fccksichtigt werden muss. (Im April 1997 haben 4000 Sanierungsarbeiter aus der Lausitz und Mitteldeutschland unter meiner F\u00fchrung vor dem Finanzministerium demonstriert. Und im Sommer 1997 mehr als 1000 Sanierungsarbeiter vor dem Landtag in Dresden.)<\/span><\/p>\n<p style=\"text-align: justify;\"><span style=\"font-family: 'Arial','sans-serif';\">&nbsp;<\/span><\/p>\n<p style=\"text-align: justify;\"><span style=\"font-family: 'Arial','sans-serif';\">Als Kreistagsabgeordneter habe ich in den letzten Jahren mehrfach das Thema Vern\u00e4ssung der Lausitz und deren Folgen im Kreistag angesprochen und die Kreisverwaltung zum Handeln aufgefordert. Die Kreisverwaltung hat dies jedoch nie als Problem der LMBV gesehen, sondern es vielmehr bei den Wasserverb\u00e4nden angesiedelt. In einem Hintergrundgespr\u00e4ch im Sommer 2011 haben mein Fraktionskollege Helmut Franz und ich dem Landrat Harald Altekr\u00fcger, dem 1. Beigeordneten Hermann Kostrewa sowie dem zust\u00e4ndigen Beigeordneten Olaf Lalk, die Zusammenh\u00e4nge aufgezeigt und Handlungsschritte angeraten. Dabei war uns wichtig, dass hierzu die Fachkompetenz des Landesamtes f\u00fcr Bergbau, Geologie und Rohstoffe und dessen Pr\u00e4sident, Dr. Klaus Freytag, miteinbezogen werden. <\/span><\/p>\n<p style=\"text-align: justify;\"><span style=\"font-family: 'Arial','sans-serif';\">&nbsp;<\/span><\/p>\n<p style=\"text-align: justify;\"><span style=\"font-family: 'Arial','sans-serif';\">Als ersten Schritt halte ich Absprachen mit dem Freistaat Sachsen f\u00fcr zwingend erforderlich. Zu den kurzfristigen Ma\u00dfnahmen geh\u00f6rt zun\u00e4chst die Wiederherstellung des alten Grabensystems (Renaturierung der Vorflut), die konsequente Planung von Ma\u00dfnahmen, z.B. mit der in der Lausitz entwickelten Schlitzwandtechnik, um den Zufluss von neuen Schadstoffen in die Spree zu verhindern sowie ein Aktivieren und Neubau von Wasserreinigungsanlagen (wie bei der Sanierung des Uranerzbergbaus in Sachsen und Th\u00fcringen bereits erfolgt ist). <\/span><\/p>\n<p style=\"text-align: justify;\"><span style=\"font-family: 'Arial','sans-serif';\">&nbsp;<\/span><\/p>\n<p style=\"text-align: justify;\"><span style=\"font-family: 'Arial','sans-serif';\">Es \u00e4rgert mich, dass immer wenn Extremsituationen auftreten, Wahlen vor der T\u00fcr stehen, diese Themen im Lichte der \u00d6ffentlichkeit skandalisiert, diskutiert, aber wenig vorzeigbare Ergebnisse zu Tage gef\u00f6rdert werden. Das Thema muss nun unter fachkundiger F\u00fchrung konsequent weiterverfolgt werden.\u201c <\/span>. <span style=\"font-size: 12pt; font-family: 'Arial','sans-serif';\"><\/span><\/p>\n","protected":false},"excerpt":{"rendered":"<p>Zum gestrigen Artikel in der Lausitzer Rundschau zum Thema Verockerung der Spree ( \u201eBraune Br\u00fche schockiert Politiker\u201c), erkl\u00e4rt der SPD Bundestagskandidat Ulrich Freese: Probleme des Wiederanstiegs des Grundwassers in der Lausitz seit 1990 bekannt! &nbsp; \u201eEs war klar, dass mit der Stilllegung von Tagebauen und dem Einstellen des Abpumpens von Grundwasser eine Vern\u00e4ssung, wie in [&hellip;]<\/p>\n","protected":false},"author":1,"featured_media":0,"comment_status":"closed","ping_status":"open","sticky":false,"template":"","format":"standard","meta":[],"categories":[5],"tags":[],"_links":{"self":[{"href":"https:\/\/uli-freese.de\/neu\/wp-json\/wp\/v2\/posts\/27"}],"collection":[{"href":"https:\/\/uli-freese.de\/neu\/wp-json\/wp\/v2\/posts"}],"about":[{"href":"https:\/\/uli-freese.de\/neu\/wp-json\/wp\/v2\/types\/post"}],"author":[{"embeddable":true,"href":"https:\/\/uli-freese.de\/neu\/wp-json\/wp\/v2\/users\/1"}],"replies":[{"embeddable":true,"href":"https:\/\/uli-freese.de\/neu\/wp-json\/wp\/v2\/comments?post=27"}],"version-history":[{"count":1,"href":"https:\/\/uli-freese.de\/neu\/wp-json\/wp\/v2\/posts\/27\/revisions"}],"predecessor-version":[{"id":2439,"href":"https:\/\/uli-freese.de\/neu\/wp-json\/wp\/v2\/posts\/27\/revisions\/2439"}],"wp:attachment":[{"href":"https:\/\/uli-freese.de\/neu\/wp-json\/wp\/v2\/media?parent=27"}],"wp:term":[{"taxonomy":"category","embeddable":true,"href":"https:\/\/uli-freese.de\/neu\/wp-json\/wp\/v2\/categories?post=27"},{"taxonomy":"post_tag","embeddable":true,"href":"https:\/\/uli-freese.de\/neu\/wp-json\/wp\/v2\/tags?post=27"}],"curies":[{"name":"wp","href":"https:\/\/api.w.org\/{rel}","templated":true}]}}