{"id":275,"date":"2014-02-18T16:48:16","date_gmt":"2014-02-18T15:48:16","guid":{"rendered":"http:\/\/uli-freese.de\/neu\/2014\/02\/18\/btu-studierende-im-bundestag\/"},"modified":"2018-01-22T16:08:56","modified_gmt":"2018-01-22T15:08:56","slug":"btu-studierende-im-bundestag","status":"publish","type":"post","link":"https:\/\/uli-freese.de\/neu\/2014\/02\/18\/btu-studierende-im-bundestag\/","title":{"rendered":"BTU-Studierende im Bundestag"},"content":{"rendered":"<p><img loading=\"lazy\" class=\" size-full wp-image-270\" width=\"686\" height=\"457\" alt=\"BTU Besucgergruppe bei MdB Uli Freese im Paul L\u00f6be Haus\" src=\"http:\/\/uli-freese.de\/neu\/wp-content\/uploads\/2014\/02\/20140218_BTU_Gruppe_im_BTG5.JPG\" srcset=\"https:\/\/uli-freese.de\/neu\/wp-content\/uploads\/2014\/02\/20140218_BTU_Gruppe_im_BTG5.JPG 686w, https:\/\/uli-freese.de\/neu\/wp-content\/uploads\/2014\/02\/20140218_BTU_Gruppe_im_BTG5-300x200.jpg 300w\" sizes=\"(max-width: 686px) 100vw, 686px\" \/><\/p>\n<p>Heute besuchte mich eine Gruppe&nbsp;Studierender der BTU Cottbus-Senftenberg in Berlin. Au\u00dferdem war bei mir heute&nbsp;der Berliner LR-Journalist Sebastian Enzian zu Gast, der \u00fcber die Arbeit der heimischen Abgeordneten recherchiert und&nbsp;demn\u00e4chst in der Rundschau&nbsp;schreiben wird.<\/p>\n<p><img loading=\"lazy\" class=\" size-full wp-image-271\" width=\"686\" height=\"402\" alt=\"MdB Uli Freese im Gespr\u00e4ch mit Studierenden der BTU Cottbus-Senftenberg\" src=\"http:\/\/uli-freese.de\/neu\/wp-content\/uploads\/2014\/02\/20140218_BTU_Gruppe_im_BTG2.JPG\" srcset=\"https:\/\/uli-freese.de\/neu\/wp-content\/uploads\/2014\/02\/20140218_BTU_Gruppe_im_BTG2.JPG 686w, https:\/\/uli-freese.de\/neu\/wp-content\/uploads\/2014\/02\/20140218_BTU_Gruppe_im_BTG2-300x176.jpg 300w\" sizes=\"(max-width: 686px) 100vw, 686px\" \/><\/p>\n<p>Nach einer F\u00fchrung durch den Reichstag und das Paul L\u00f6be-Haus sprachen wir \u00fcber politische Themen, die den jungen Menschen auf der Seele lagen: Energiepolitische Themen wurden genauso angesprochen, wie die Zusammenarbeit von Wirtschaft, Kammern und Studierenden&nbsp;oder das Thema Mindestlohn.<\/p>\n<p><img loading=\"lazy\" class=\" size-full wp-image-272\" width=\"686\" height=\"402\" alt=\"Studierende der BTU Cottbus-Senftenberg mit Uli Freese MdB\" src=\"http:\/\/uli-freese.de\/neu\/wp-content\/uploads\/2014\/02\/20140218_BTU_Gruppe_im_BTG1.JPG\" srcset=\"https:\/\/uli-freese.de\/neu\/wp-content\/uploads\/2014\/02\/20140218_BTU_Gruppe_im_BTG1.JPG 686w, https:\/\/uli-freese.de\/neu\/wp-content\/uploads\/2014\/02\/20140218_BTU_Gruppe_im_BTG1-300x176.jpg 300w\" sizes=\"(max-width: 686px) 100vw, 686px\" \/><\/p>\n<p>Mir ist es wichtig, vor allem auch mit jungen Menschen aus der Lausitzer Heimat hier in Berlin ins Gespr\u00e4ch zu kommen. Bei Interesse an einer Fahrt in den Bundestag stehen meine Mitarbeiter in den Wahlkreisb\u00fcros Ihnen gerne zur Verf\u00fcgung.<\/p>\n<p><img loading=\"lazy\" class=\" size-full wp-image-273\" width=\"686\" height=\"457\" alt=\"Studierende der BTU COttbus-Senftenberg in der Reichstags-Kuppel auf Einladung von MdB Uli Freese\" src=\"http:\/\/uli-freese.de\/neu\/wp-content\/uploads\/2014\/02\/20140218_BTU_Gruppe_im_BTG4.JPG\" srcset=\"https:\/\/uli-freese.de\/neu\/wp-content\/uploads\/2014\/02\/20140218_BTU_Gruppe_im_BTG4.JPG 686w, https:\/\/uli-freese.de\/neu\/wp-content\/uploads\/2014\/02\/20140218_BTU_Gruppe_im_BTG4-300x200.jpg 300w\" sizes=\"(max-width: 686px) 100vw, 686px\" \/><\/p>\n<p><img loading=\"lazy\" class=\" size-full wp-image-274\" width=\"686\" height=\"457\" alt=\"Studierende der BTU COttbus-Senftenberg in der Reichstags-Kuppel auf Einladung von MdB Uli Freese\" src=\"http:\/\/uli-freese.de\/neu\/wp-content\/uploads\/2014\/02\/20140218_BTU_Gruppe_im_BTG3.JPG\" srcset=\"https:\/\/uli-freese.de\/neu\/wp-content\/uploads\/2014\/02\/20140218_BTU_Gruppe_im_BTG3.JPG 686w, https:\/\/uli-freese.de\/neu\/wp-content\/uploads\/2014\/02\/20140218_BTU_Gruppe_im_BTG3-300x200.jpg 300w\" sizes=\"(max-width: 686px) 100vw, 686px\" \/><\/p>\n<p>Gerne lade ich auch Sie und Ihre Kolleginnen und Kollegen, Mitsch\u00fclerinnen und Mitsch\u00fcler, Kommilitoninnen und Kommilitonen oder Sie und Ihre Vereinskollegen zu einem gemeinsamen Tag in Berlin ein. Neben einer F\u00fchrung durch den Reichstag, meinen Arbeitsplatz im Abgeordnetenb\u00fcro im Paul-L\u00f6be-Haus und &#8211; wenn m\u00f6glich &#8211; einem Besuch im Plenarsaal freue ich mich vor allem auf eine politische Diskussion mit Ihnen. Sprechen Sie meine Mitarbeiter in den Wahlkreisb\u00fcros an, dort gibt es alle Informationen zu den verschiedenen Informations- und Besuchsangeboten, entweder auf meine Einladung oder organisiert \u00fcber das Bundespresseamt oder den <a href=\"http:\/\/bundestag.de\/besuche\/index.jsp\" target=\"_blank\">Bundestag<\/a>. Kontaktinformationen zu meinen Wahlkreisb\u00fcros gibt es rechts im Men\u00fc unter &#8222;<a href=\"index.php\/impressum-ulrich-freese\" target=\"_blank\">Impressum &amp; Kontakt<\/a>&#8222;.<\/p>\n","protected":false},"excerpt":{"rendered":"<p>Heute besuchte mich eine Gruppe&nbsp;Studierender der BTU Cottbus-Senftenberg in Berlin. Au\u00dferdem war bei mir heute&nbsp;der Berliner LR-Journalist Sebastian Enzian zu Gast, der \u00fcber die Arbeit der heimischen Abgeordneten recherchiert und&nbsp;demn\u00e4chst in der Rundschau&nbsp;schreiben wird. Nach einer F\u00fchrung durch den Reichstag und das Paul L\u00f6be-Haus sprachen wir \u00fcber politische Themen, die den jungen Menschen auf der [&hellip;]<\/p>\n","protected":false},"author":1,"featured_media":270,"comment_status":"closed","ping_status":"open","sticky":false,"template":"","format":"standard","meta":[],"categories":[3],"tags":[],"_links":{"self":[{"href":"https:\/\/uli-freese.de\/neu\/wp-json\/wp\/v2\/posts\/275"}],"collection":[{"href":"https:\/\/uli-freese.de\/neu\/wp-json\/wp\/v2\/posts"}],"about":[{"href":"https:\/\/uli-freese.de\/neu\/wp-json\/wp\/v2\/types\/post"}],"author":[{"embeddable":true,"href":"https:\/\/uli-freese.de\/neu\/wp-json\/wp\/v2\/users\/1"}],"replies":[{"embeddable":true,"href":"https:\/\/uli-freese.de\/neu\/wp-json\/wp\/v2\/comments?post=275"}],"version-history":[{"count":1,"href":"https:\/\/uli-freese.de\/neu\/wp-json\/wp\/v2\/posts\/275\/revisions"}],"predecessor-version":[{"id":2316,"href":"https:\/\/uli-freese.de\/neu\/wp-json\/wp\/v2\/posts\/275\/revisions\/2316"}],"wp:featuredmedia":[{"embeddable":true,"href":"https:\/\/uli-freese.de\/neu\/wp-json\/wp\/v2\/media\/270"}],"wp:attachment":[{"href":"https:\/\/uli-freese.de\/neu\/wp-json\/wp\/v2\/media?parent=275"}],"wp:term":[{"taxonomy":"category","embeddable":true,"href":"https:\/\/uli-freese.de\/neu\/wp-json\/wp\/v2\/categories?post=275"},{"taxonomy":"post_tag","embeddable":true,"href":"https:\/\/uli-freese.de\/neu\/wp-json\/wp\/v2\/tags?post=275"}],"curies":[{"name":"wp","href":"https:\/\/api.w.org\/{rel}","templated":true}]}}