{"id":277,"date":"2014-02-20T09:21:29","date_gmt":"2014-02-20T08:21:29","guid":{"rendered":"http:\/\/uli-freese.de\/neu\/2014\/02\/20\/pi-buergersprechstunden-termine-im-februar\/"},"modified":"2018-01-22T16:08:56","modified_gmt":"2018-01-22T15:08:56","slug":"pi-buergersprechstunden-termine-im-februar","status":"publish","type":"post","link":"https:\/\/uli-freese.de\/neu\/2014\/02\/20\/pi-buergersprechstunden-termine-im-februar\/","title":{"rendered":"PI: B\u00fcrgersprechstunden-Termine im Februar"},"content":{"rendered":"<p><b><span style=\"font-size: 14pt;\">Uli Freese l\u00e4dt zu B\u00fcrgergespr\u00e4chen ein <\/span><\/b><\/p>\n<p>Zum bereits zweiten Mal in diesem Jahr freut sich der Lausitzer SPD-Bundestagsabgeordnete Uli Freese auf den direkten Kontakt mit den B\u00fcrgerinnen und B\u00fcrgern seines Wahlkreises.<\/p>\n<p>Unter dem Motto \u201eB\u00fcrgernah \u2013 f\u00fcr alle da!\u201c sind der Politiker und seine Mitarbeiter schon seit Jahresstart bei Fragen, Problemen und W\u00fcnschen in den vier Wahlkreisb\u00fcros erreichbar.<\/p>\n<p>In der kommenden Woche (24.02. bis 28.02.2014) l\u00e4dt Freese wieder zur B\u00fcrger-Sprechstunde ein. Los geht es am Montagvormittag in Guben und am Nachmittag dann in Spremberg. Am Dienstagnachmittag empf\u00e4ngt Freese Interessierte im Cottbuser B\u00fcro, den Abschluss bildet dann der Freitag in Forst.<\/p>\n<p>Dass ihm als Bundestagsabgeordneter in Berlin besonders die N\u00e4he zu den B\u00fcrgern in der heimische Lausitz wichtig ist, zeigt die Er\u00f6ffnung von gleich vier Wahlkreisb\u00fcros bereits zum Jahresanfang. \u201eDie bereits als Landtagsabgeordneter zwischen 1994 und 2004 gelebte B\u00fcrgern\u00e4he unter dem Motto \u201aB\u00fcrgernah &#8211; f\u00fcr alle da!\u2018 wird von mir auch als Bundestagsabgeordneter weiter gelebt\u201c, so Uli Freese. Umso erfreuter war der Sozialdemokrat, dass trotz widrigster Witterungsbedingungen bei den Januar-Sprechstunden viele B\u00fcrgerinnen und B\u00fcrger den Weg zu ihm fanden. So konnte in spezifischen Fragen eine Weitervermittlung an richtige Ansprechpartner aus Freeses gro\u00dfem Kontaktenetzwerk genauso erfolgen, wie die Weitergabe von W\u00fcnschen und Vorschl\u00e4gen aus der Region an zust\u00e4ndige Fraktions- oder Regierungskollegen.<\/p>\n<p>Informationen zu den aktuellen und k\u00fcnftigen Terminen gibt es stets online auf <a href=\"http:\/\/www.ulrich-freese.de\">uli-freese.de<\/a> und bei Facebook.com\/ulifreese<\/p>\n<p><b><span style=\"text-decoration: underline;\"><span style=\"font-size: 9pt;\">Termin-\u00dcbersicht B\u00fcrgersprechstunde Wahlkreisb\u00fcros:<\/span><\/span><\/b><\/p>\n<p><span style=\"font-size: 9pt;\">Guben: Montag 24.02., 10:00 \u2013 12:30 Uhr <br \/><\/span><span style=\"font-size: 9pt;\">(Berliner Stra\u00dfe 35, 03561\/6860646)<\/span><\/p>\n<p><span style=\"font-size: 9pt;\">Spremberg: Montag, 24.02., 14:00 \u2013 16:30 Uhr <br \/><\/span><span style=\"font-size: 9pt;\">(Lange Str. 10, 03563\/6088860)<\/span><\/p>\n<p><span style=\"font-size: 9pt;\">Cottbus: Dienstag, 25.02., 14:00 \u2013 16:30 Uhr <br \/><\/span><span style=\"font-size: 9pt;\">(M\u00fchlenstra\u00dfe 17, 0355\/78408470)<\/span><\/p>\n<p><span style=\"font-size: 9pt;\">Forst: Freitag, 28.02., 13:00 \u2013 15:30 Uhr <br \/>(Cottbuser Stra\u00dfe 41e, 03562\/7670)<\/span><\/p>\n<p>&nbsp;<\/p>\n<p><span style=\"font-size: 9pt;\">Diesen Text k\u00f6nnen Sie <a href=\"http:\/\/uli-freese.de\/neu\/wp-content\/uploads\/2014\/02\/20140220-Pressetext-Brgersprechstunden-final.pdf\" target=\"_blank\">hier&nbsp;als PDF-Datei herunterladen<\/a><\/span><\/p>\n","protected":false},"excerpt":{"rendered":"<p>Uli Freese l\u00e4dt zu B\u00fcrgergespr\u00e4chen ein Zum bereits zweiten Mal in diesem Jahr freut sich der Lausitzer SPD-Bundestagsabgeordnete Uli Freese auf den direkten Kontakt mit den B\u00fcrgerinnen und B\u00fcrgern seines Wahlkreises. Unter dem Motto \u201eB\u00fcrgernah \u2013 f\u00fcr alle da!\u201c sind der Politiker und seine Mitarbeiter schon seit Jahresstart bei Fragen, Problemen und W\u00fcnschen in den [&hellip;]<\/p>\n","protected":false},"author":1,"featured_media":0,"comment_status":"closed","ping_status":"open","sticky":false,"template":"","format":"standard","meta":[],"categories":[5],"tags":[],"_links":{"self":[{"href":"https:\/\/uli-freese.de\/neu\/wp-json\/wp\/v2\/posts\/277"}],"collection":[{"href":"https:\/\/uli-freese.de\/neu\/wp-json\/wp\/v2\/posts"}],"about":[{"href":"https:\/\/uli-freese.de\/neu\/wp-json\/wp\/v2\/types\/post"}],"author":[{"embeddable":true,"href":"https:\/\/uli-freese.de\/neu\/wp-json\/wp\/v2\/users\/1"}],"replies":[{"embeddable":true,"href":"https:\/\/uli-freese.de\/neu\/wp-json\/wp\/v2\/comments?post=277"}],"version-history":[{"count":1,"href":"https:\/\/uli-freese.de\/neu\/wp-json\/wp\/v2\/posts\/277\/revisions"}],"predecessor-version":[{"id":2315,"href":"https:\/\/uli-freese.de\/neu\/wp-json\/wp\/v2\/posts\/277\/revisions\/2315"}],"wp:attachment":[{"href":"https:\/\/uli-freese.de\/neu\/wp-json\/wp\/v2\/media?parent=277"}],"wp:term":[{"taxonomy":"category","embeddable":true,"href":"https:\/\/uli-freese.de\/neu\/wp-json\/wp\/v2\/categories?post=277"},{"taxonomy":"post_tag","embeddable":true,"href":"https:\/\/uli-freese.de\/neu\/wp-json\/wp\/v2\/tags?post=277"}],"curies":[{"name":"wp","href":"https:\/\/api.w.org\/{rel}","templated":true}]}}