{"id":2776,"date":"2018-03-21T15:47:25","date_gmt":"2018-03-21T14:47:25","guid":{"rendered":"http:\/\/uli-freese.de\/neu\/?p=2776"},"modified":"2018-03-21T15:50:17","modified_gmt":"2018-03-21T14:50:17","slug":"pm-26-27-maerz-buergerdialoge-der-spd-in-forst-und-spremberg","status":"publish","type":"post","link":"https:\/\/uli-freese.de\/neu\/2018\/03\/21\/pm-26-27-maerz-buergerdialoge-der-spd-in-forst-und-spremberg\/","title":{"rendered":"PM: 26. &#038; 27 M\u00e4rz: B\u00fcrgerdialoge der SPD in Forst und Spremberg"},"content":{"rendered":"<p><strong><img loading=\"lazy\" class=\"aligncenter size-large wp-image-2445\" src=\"http:\/\/uli-freese.de\/neu\/wp-content\/uploads\/2018\/01\/14231275_1273473495997245_255222542019234984_o-1024x683.jpg\" alt=\"\" width=\"1024\" height=\"683\" srcset=\"https:\/\/uli-freese.de\/neu\/wp-content\/uploads\/2018\/01\/14231275_1273473495997245_255222542019234984_o-1024x683.jpg 1024w, https:\/\/uli-freese.de\/neu\/wp-content\/uploads\/2018\/01\/14231275_1273473495997245_255222542019234984_o-300x200.jpg 300w, https:\/\/uli-freese.de\/neu\/wp-content\/uploads\/2018\/01\/14231275_1273473495997245_255222542019234984_o-768x512.jpg 768w, https:\/\/uli-freese.de\/neu\/wp-content\/uploads\/2018\/01\/14231275_1273473495997245_255222542019234984_o-830x553.jpg 830w, https:\/\/uli-freese.de\/neu\/wp-content\/uploads\/2018\/01\/14231275_1273473495997245_255222542019234984_o-230x153.jpg 230w, https:\/\/uli-freese.de\/neu\/wp-content\/uploads\/2018\/01\/14231275_1273473495997245_255222542019234984_o-350x233.jpg 350w, https:\/\/uli-freese.de\/neu\/wp-content\/uploads\/2018\/01\/14231275_1273473495997245_255222542019234984_o-480x320.jpg 480w, https:\/\/uli-freese.de\/neu\/wp-content\/uploads\/2018\/01\/14231275_1273473495997245_255222542019234984_o.jpg 1500w\" sizes=\"(max-width: 1024px) 100vw, 1024px\" \/>Gemeinsame B\u00fcrgersprechstunde von Ulrich Freese, MdB und SPD-Abgeordneten aus Kreistag und Stadtverordnetenversammlung<\/strong><\/p>\n<p>Berlin\/Forst\/Spremberg. <strong>Nach der erfolgreichen Premiere des gemeinsamen B\u00fcrgersprechstundenformats Anfang des Monats in Cottbus l\u00e4dt die SPD nun gemeinsam mit dem Lausitzer Bundestagsabgeordneten Ulrich Freese erstmals auch in Forst und Spremberg zu einer SPD-Sprechstunde ein. Dabei stehen Abgeordnete aus Bund, Kreistag und Stadt gemeinsam B\u00fcrgerinnen und B\u00fcrgern jeweils zwischen 16 und 18 Uhr am 26. M\u00e4rz 2018 in Forst, sowie am 27. M\u00e4rz 2018 in Spremberg in einer B\u00fcrgersprechstunde Rede und Antwort.<\/strong><\/p>\n<p>Gespr\u00e4chspartner am 26.03.2018 ab 16 Uhr im Forster SPD-B\u00fcrgerb\u00fcro (Cottbuser Str. 41e) sind neben Ulrich Freese das Kreistagsmitglied Andreas Landow und der Forster Stadtverordnete Klaus-Dieter Stenzel.<\/p>\n<p>Am 27. M\u00e4rz stehen dann ab 16 Uhr im Spremberger SPD-B\u00fcro (Lange Stra\u00dfe 10) neben Ulrich Freese der Kreistagsabgeordnete Klaus Gr\u00fcneberg und der Spremberger SPD-Fraktionsvorsitzende Dirk S\u00fc\u00dfmilch f\u00fcr B\u00fcrgerfragen zur Verf\u00fcgung.<\/p>\n<p><!--more-->Die Idee zur gemeinsamen Sprechstunde hatte der Lausitzer Bundestagsabgeordnete Ulrich Freese. \u201eIn vielen B\u00fcrgersprechstunden in den vergangenen vier Jahren wurden Themen und W\u00fcnsche an mich herangetragen, die auch die Politik in Land, Kreis oder Stadt betrafen, deshalb habe ich diese gemeinsame Sprechstunde mit meinen Kolleginnen und Kollegen initiiert, die wir Anfang des Monats erstmals mit gro\u00dfer Resonanz und Erfolg gemeinsam mit Mitgliedern des Landtags und der Stadtverordnetenversammlung in Cottbus durchgef\u00fchrt haben.\u201c Dieses erste Angebot in Cottbus sollte keine Eintagsfliege sein, das versprach Ulrich Freese schon zu Monatsbeginn in Cottbus.<\/p>\n<p>F\u00fcr alle Beteiligten ist der direkte B\u00fcrgerkontakt bei diesem Gespr\u00e4chsangebot wichtig, denn als Abgeordnete in Bund, Land Kreis und Stadt kann man nur dann gute Politik machen, je direkter der Draht ist, \u201eund daf\u00fcr bieten wir erneut am 26. und 27. M\u00e4rz ein Forum. wir freuen uns, wenn dies lebhaft genutzt wird\u201c, so Ulrich Freese.<\/p>\n<p><strong>Bei Interesse an der B\u00fcrgersprechstunde am 26. M\u00e4rz vereinbaren Sie bitte Ihren Sprechstundentermin im Forster Wahlkreisb\u00fcro unter 03562\/7670 oder <\/strong><strong>forst@ulrich-freese.de<\/strong><strong>. <\/strong><\/p>\n<p><strong>Ihren pers\u00f6nlichen Sprechstunden-Termin f\u00fcr den 27. M\u00e4rz k\u00f6nnen Sie im Spremberger Wahlkreisb\u00fcro unter 03563\/6088860 oder <\/strong><strong>spremberg@ulrich-freese.de<\/strong>\u00a0<strong>vereinbaren. <\/strong><\/p>\n","protected":false},"excerpt":{"rendered":"<p>Gemeinsame B\u00fcrgersprechstunde von Ulrich Freese, MdB und SPD-Abgeordneten aus Kreistag und Stadtverordnetenversammlung Berlin\/Forst\/Spremberg. Nach der erfolgreichen Premiere des gemeinsamen B\u00fcrgersprechstundenformats Anfang des Monats in Cottbus l\u00e4dt die SPD nun gemeinsam mit dem Lausitzer Bundestagsabgeordneten Ulrich Freese erstmals auch in Forst und Spremberg zu einer SPD-Sprechstunde ein. Dabei stehen Abgeordnete aus Bund, Kreistag und Stadt gemeinsam [&hellip;]<\/p>\n","protected":false},"author":2,"featured_media":0,"comment_status":"closed","ping_status":"closed","sticky":false,"template":"","format":"standard","meta":[],"categories":[5],"tags":[],"_links":{"self":[{"href":"https:\/\/uli-freese.de\/neu\/wp-json\/wp\/v2\/posts\/2776"}],"collection":[{"href":"https:\/\/uli-freese.de\/neu\/wp-json\/wp\/v2\/posts"}],"about":[{"href":"https:\/\/uli-freese.de\/neu\/wp-json\/wp\/v2\/types\/post"}],"author":[{"embeddable":true,"href":"https:\/\/uli-freese.de\/neu\/wp-json\/wp\/v2\/users\/2"}],"replies":[{"embeddable":true,"href":"https:\/\/uli-freese.de\/neu\/wp-json\/wp\/v2\/comments?post=2776"}],"version-history":[{"count":4,"href":"https:\/\/uli-freese.de\/neu\/wp-json\/wp\/v2\/posts\/2776\/revisions"}],"predecessor-version":[{"id":2780,"href":"https:\/\/uli-freese.de\/neu\/wp-json\/wp\/v2\/posts\/2776\/revisions\/2780"}],"wp:attachment":[{"href":"https:\/\/uli-freese.de\/neu\/wp-json\/wp\/v2\/media?parent=2776"}],"wp:term":[{"taxonomy":"category","embeddable":true,"href":"https:\/\/uli-freese.de\/neu\/wp-json\/wp\/v2\/categories?post=2776"},{"taxonomy":"post_tag","embeddable":true,"href":"https:\/\/uli-freese.de\/neu\/wp-json\/wp\/v2\/tags?post=2776"}],"curies":[{"name":"wp","href":"https:\/\/api.w.org\/{rel}","templated":true}]}}