{"id":279,"date":"2014-02-25T14:59:19","date_gmt":"2014-02-25T13:59:19","guid":{"rendered":"http:\/\/uli-freese.de\/neu\/2014\/02\/25\/vor-ort-besichtigung-des-projekts-e-werk-in-cottbus\/"},"modified":"2018-01-22T16:08:56","modified_gmt":"2018-01-22T15:08:56","slug":"vor-ort-besichtigung-des-projekts-e-werk-in-cottbus","status":"publish","type":"post","link":"https:\/\/uli-freese.de\/neu\/2014\/02\/25\/vor-ort-besichtigung-des-projekts-e-werk-in-cottbus\/","title":{"rendered":"Vor Ort: Besichtigung des Projekts E-Werk in Cottbus"},"content":{"rendered":"<p>Heute Mittag habe ich mir &#8211; bei bestem Wetter &#8211; vom Stiftungsratvorsitzenden des E-werk Cottbus J\u00f6rg Tudyka die Baustelle und das Projekt im denkmalgesch\u00fctzten Bauwerk zeigen und erkl\u00e4ren lassen. Im anschlie\u00dfenden Gespr\u00e4ch wurde nicht nur \u00fcber das geplante Schulungs- und Seminarzentrum gesprochen, sondern auch \u00fcber potentielle Unterst\u00fctzer des Bauvorhabens eines Wasserkraftwerkes und Zusammenarbeiten mit der BTU Cottbus-Senftenberg. Ich bin gespannt, was hier in den n\u00e4chsten Jahren am Cottbuser Spreeufer entsteht&#8230;<\/p>\n<p><img loading=\"lazy\" class=\" size-full wp-image-278\" width=\"540\" height=\"960\" alt=\"20140225 ewerk cb\" src=\"http:\/\/uli-freese.de\/neu\/wp-content\/uploads\/2014\/02\/20140225_ewerk_cb.jpg\" srcset=\"https:\/\/uli-freese.de\/neu\/wp-content\/uploads\/2014\/02\/20140225_ewerk_cb.jpg 540w, https:\/\/uli-freese.de\/neu\/wp-content\/uploads\/2014\/02\/20140225_ewerk_cb-169x300.jpg 169w\" sizes=\"(max-width: 540px) 100vw, 540px\" \/>&nbsp;<\/p>\n","protected":false},"excerpt":{"rendered":"<p>Heute Mittag habe ich mir &#8211; bei bestem Wetter &#8211; vom Stiftungsratvorsitzenden des E-werk Cottbus J\u00f6rg Tudyka die Baustelle und das Projekt im denkmalgesch\u00fctzten Bauwerk zeigen und erkl\u00e4ren lassen. Im anschlie\u00dfenden Gespr\u00e4ch wurde nicht nur \u00fcber das geplante Schulungs- und Seminarzentrum gesprochen, sondern auch \u00fcber potentielle Unterst\u00fctzer des Bauvorhabens eines Wasserkraftwerkes und Zusammenarbeiten mit der [&hellip;]<\/p>\n","protected":false},"author":1,"featured_media":278,"comment_status":"closed","ping_status":"open","sticky":false,"template":"","format":"standard","meta":[],"categories":[3],"tags":[],"_links":{"self":[{"href":"https:\/\/uli-freese.de\/neu\/wp-json\/wp\/v2\/posts\/279"}],"collection":[{"href":"https:\/\/uli-freese.de\/neu\/wp-json\/wp\/v2\/posts"}],"about":[{"href":"https:\/\/uli-freese.de\/neu\/wp-json\/wp\/v2\/types\/post"}],"author":[{"embeddable":true,"href":"https:\/\/uli-freese.de\/neu\/wp-json\/wp\/v2\/users\/1"}],"replies":[{"embeddable":true,"href":"https:\/\/uli-freese.de\/neu\/wp-json\/wp\/v2\/comments?post=279"}],"version-history":[{"count":1,"href":"https:\/\/uli-freese.de\/neu\/wp-json\/wp\/v2\/posts\/279\/revisions"}],"predecessor-version":[{"id":2313,"href":"https:\/\/uli-freese.de\/neu\/wp-json\/wp\/v2\/posts\/279\/revisions\/2313"}],"wp:featuredmedia":[{"embeddable":true,"href":"https:\/\/uli-freese.de\/neu\/wp-json\/wp\/v2\/media\/278"}],"wp:attachment":[{"href":"https:\/\/uli-freese.de\/neu\/wp-json\/wp\/v2\/media?parent=279"}],"wp:term":[{"taxonomy":"category","embeddable":true,"href":"https:\/\/uli-freese.de\/neu\/wp-json\/wp\/v2\/categories?post=279"},{"taxonomy":"post_tag","embeddable":true,"href":"https:\/\/uli-freese.de\/neu\/wp-json\/wp\/v2\/tags?post=279"}],"curies":[{"name":"wp","href":"https:\/\/api.w.org\/{rel}","templated":true}]}}