{"id":2806,"date":"2018-04-03T16:30:27","date_gmt":"2018-04-03T14:30:27","guid":{"rendered":"http:\/\/uli-freese.de\/neu\/?p=2806"},"modified":"2018-04-04T10:40:51","modified_gmt":"2018-04-04T08:40:51","slug":"netzwerktreffen-der-gruenderwerkstatt-zukunft-lausitz","status":"publish","type":"post","link":"https:\/\/uli-freese.de\/neu\/2018\/04\/03\/netzwerktreffen-der-gruenderwerkstatt-zukunft-lausitz\/","title":{"rendered":"Netzwerktreffen der Gr\u00fcnderwerkstatt &#8222;Zukunft Lausitz&#8220;"},"content":{"rendered":"<div class=\"_5x46 _1yz1 clearfix\">\n<div class=\"clearfix _5va3\">\n<div class=\"clearfix _42ef\">\n<div class=\"_5va4\">\n<div>\n<div class=\"_6a _5u5j\">\n<div class=\"_6a _5u5j _6b\">\n<div id=\"feed_subtitle_550158624995406:-5582859747180813583\" class=\"_5pcp _5lel _2jyu _232_\"><\/div>\n<\/div>\n<\/div>\n<\/div>\n<\/div>\n<\/div>\n<\/div>\n<\/div>\n<div id=\"js_1v\" class=\"_5pbx userContent _3576\" data-ft=\"{&quot;tn&quot;:&quot;K&quot;}\">\n<p><img loading=\"lazy\" class=\"aligncenter wp-image-2807 size-large\" src=\"http:\/\/uli-freese.de\/neu\/wp-content\/uploads\/2018\/04\/20180403-Zukunft-Lausitz-2-1024x683.jpg\" alt=\"\" width=\"1024\" height=\"683\" srcset=\"https:\/\/uli-freese.de\/neu\/wp-content\/uploads\/2018\/04\/20180403-Zukunft-Lausitz-2-1024x683.jpg 1024w, https:\/\/uli-freese.de\/neu\/wp-content\/uploads\/2018\/04\/20180403-Zukunft-Lausitz-2-300x200.jpg 300w, https:\/\/uli-freese.de\/neu\/wp-content\/uploads\/2018\/04\/20180403-Zukunft-Lausitz-2-768x512.jpg 768w, https:\/\/uli-freese.de\/neu\/wp-content\/uploads\/2018\/04\/20180403-Zukunft-Lausitz-2-830x553.jpg 830w, https:\/\/uli-freese.de\/neu\/wp-content\/uploads\/2018\/04\/20180403-Zukunft-Lausitz-2-230x153.jpg 230w, https:\/\/uli-freese.de\/neu\/wp-content\/uploads\/2018\/04\/20180403-Zukunft-Lausitz-2-350x233.jpg 350w, https:\/\/uli-freese.de\/neu\/wp-content\/uploads\/2018\/04\/20180403-Zukunft-Lausitz-2-480x320.jpg 480w\" sizes=\"(max-width: 1024px) 100vw, 1024px\" \/><\/p>\n<p>Die Gr\u00fcnderwerkstatt &#8222;Zukunft Lausitz&#8220; hat heute zum Netzwerktreffen aktuelle und ehemalige Existenzgr\u00fcnder, F\u00f6rderer und Vertreter aus Wirtschaft und Politik eingeladen. In diesem Rahmen wurden F\u00f6rdermittel aus Mitteln des Europ\u00e4ischen Sozialfonds und des Landes Brandenburg \u00fcberreicht, die die weitere Arbeit des Gr\u00fcnderzentrums sichern.<\/p>\n<p>Beide Zuwendungsbescheide ergeben in Summe f\u00fcr die n\u00e4chsten drei Jahre eine finanzielle Ausstattung von 1,4 Millionen Euro f\u00fcr die Arbeit der Gr\u00fcnderwerkstatt.<\/p>\n<p>Im Anschluss an den offiziellen Teil konnte ich interessante Gespr\u00e4che mit ehemaligen und aktuellen Gr\u00fcnderinnen und Gr\u00fcndern sowie Coaches f\u00fchren.<\/p>\n<\/div>\n<p><!--more--><\/p>\n<p><img loading=\"lazy\" class=\"aligncenter size-large wp-image-2809\" src=\"http:\/\/uli-freese.de\/neu\/wp-content\/uploads\/2018\/04\/20180403-Zukunft-Lausitz-3-1024x683.jpg\" alt=\"\" width=\"1024\" height=\"683\" srcset=\"https:\/\/uli-freese.de\/neu\/wp-content\/uploads\/2018\/04\/20180403-Zukunft-Lausitz-3-1024x683.jpg 1024w, https:\/\/uli-freese.de\/neu\/wp-content\/uploads\/2018\/04\/20180403-Zukunft-Lausitz-3-300x200.jpg 300w, https:\/\/uli-freese.de\/neu\/wp-content\/uploads\/2018\/04\/20180403-Zukunft-Lausitz-3-768x512.jpg 768w, https:\/\/uli-freese.de\/neu\/wp-content\/uploads\/2018\/04\/20180403-Zukunft-Lausitz-3-830x553.jpg 830w, https:\/\/uli-freese.de\/neu\/wp-content\/uploads\/2018\/04\/20180403-Zukunft-Lausitz-3-230x153.jpg 230w, https:\/\/uli-freese.de\/neu\/wp-content\/uploads\/2018\/04\/20180403-Zukunft-Lausitz-3-350x233.jpg 350w, https:\/\/uli-freese.de\/neu\/wp-content\/uploads\/2018\/04\/20180403-Zukunft-Lausitz-3-480x320.jpg 480w\" sizes=\"(max-width: 1024px) 100vw, 1024px\" \/><\/p>\n<p><img loading=\"lazy\" class=\"aligncenter size-large wp-image-2808\" src=\"http:\/\/uli-freese.de\/neu\/wp-content\/uploads\/2018\/04\/20180403-Zukunft-Lausitz-1-1024x683.jpg\" alt=\"\" width=\"1024\" height=\"683\" srcset=\"https:\/\/uli-freese.de\/neu\/wp-content\/uploads\/2018\/04\/20180403-Zukunft-Lausitz-1-1024x683.jpg 1024w, https:\/\/uli-freese.de\/neu\/wp-content\/uploads\/2018\/04\/20180403-Zukunft-Lausitz-1-300x200.jpg 300w, https:\/\/uli-freese.de\/neu\/wp-content\/uploads\/2018\/04\/20180403-Zukunft-Lausitz-1-768x512.jpg 768w, https:\/\/uli-freese.de\/neu\/wp-content\/uploads\/2018\/04\/20180403-Zukunft-Lausitz-1-830x553.jpg 830w, https:\/\/uli-freese.de\/neu\/wp-content\/uploads\/2018\/04\/20180403-Zukunft-Lausitz-1-230x153.jpg 230w, https:\/\/uli-freese.de\/neu\/wp-content\/uploads\/2018\/04\/20180403-Zukunft-Lausitz-1-350x233.jpg 350w, https:\/\/uli-freese.de\/neu\/wp-content\/uploads\/2018\/04\/20180403-Zukunft-Lausitz-1-480x320.jpg 480w\" sizes=\"(max-width: 1024px) 100vw, 1024px\" \/><\/p>\n<p><img loading=\"lazy\" class=\"aligncenter size-large wp-image-2810\" src=\"http:\/\/uli-freese.de\/neu\/wp-content\/uploads\/2018\/04\/20180403-Zukunft-Lausitz-4-1024x683.jpg\" alt=\"\" width=\"1024\" height=\"683\" srcset=\"https:\/\/uli-freese.de\/neu\/wp-content\/uploads\/2018\/04\/20180403-Zukunft-Lausitz-4-1024x683.jpg 1024w, https:\/\/uli-freese.de\/neu\/wp-content\/uploads\/2018\/04\/20180403-Zukunft-Lausitz-4-300x200.jpg 300w, https:\/\/uli-freese.de\/neu\/wp-content\/uploads\/2018\/04\/20180403-Zukunft-Lausitz-4-768x512.jpg 768w, https:\/\/uli-freese.de\/neu\/wp-content\/uploads\/2018\/04\/20180403-Zukunft-Lausitz-4-830x553.jpg 830w, https:\/\/uli-freese.de\/neu\/wp-content\/uploads\/2018\/04\/20180403-Zukunft-Lausitz-4-230x153.jpg 230w, https:\/\/uli-freese.de\/neu\/wp-content\/uploads\/2018\/04\/20180403-Zukunft-Lausitz-4-350x233.jpg 350w, https:\/\/uli-freese.de\/neu\/wp-content\/uploads\/2018\/04\/20180403-Zukunft-Lausitz-4-480x320.jpg 480w\" sizes=\"(max-width: 1024px) 100vw, 1024px\" \/><\/p>\n","protected":false},"excerpt":{"rendered":"<p>Die Gr\u00fcnderwerkstatt &#8222;Zukunft Lausitz&#8220; hat heute zum Netzwerktreffen aktuelle und ehemalige Existenzgr\u00fcnder, F\u00f6rderer und Vertreter aus Wirtschaft und Politik eingeladen. In diesem Rahmen wurden F\u00f6rdermittel aus Mitteln des Europ\u00e4ischen Sozialfonds und des Landes Brandenburg \u00fcberreicht, die die weitere Arbeit des Gr\u00fcnderzentrums sichern. Beide Zuwendungsbescheide ergeben in Summe f\u00fcr die n\u00e4chsten drei Jahre eine finanzielle Ausstattung [&hellip;]<\/p>\n","protected":false},"author":2,"featured_media":0,"comment_status":"closed","ping_status":"closed","sticky":false,"template":"","format":"standard","meta":[],"categories":[3],"tags":[],"_links":{"self":[{"href":"https:\/\/uli-freese.de\/neu\/wp-json\/wp\/v2\/posts\/2806"}],"collection":[{"href":"https:\/\/uli-freese.de\/neu\/wp-json\/wp\/v2\/posts"}],"about":[{"href":"https:\/\/uli-freese.de\/neu\/wp-json\/wp\/v2\/types\/post"}],"author":[{"embeddable":true,"href":"https:\/\/uli-freese.de\/neu\/wp-json\/wp\/v2\/users\/2"}],"replies":[{"embeddable":true,"href":"https:\/\/uli-freese.de\/neu\/wp-json\/wp\/v2\/comments?post=2806"}],"version-history":[{"count":2,"href":"https:\/\/uli-freese.de\/neu\/wp-json\/wp\/v2\/posts\/2806\/revisions"}],"predecessor-version":[{"id":2816,"href":"https:\/\/uli-freese.de\/neu\/wp-json\/wp\/v2\/posts\/2806\/revisions\/2816"}],"wp:attachment":[{"href":"https:\/\/uli-freese.de\/neu\/wp-json\/wp\/v2\/media?parent=2806"}],"wp:term":[{"taxonomy":"category","embeddable":true,"href":"https:\/\/uli-freese.de\/neu\/wp-json\/wp\/v2\/categories?post=2806"},{"taxonomy":"post_tag","embeddable":true,"href":"https:\/\/uli-freese.de\/neu\/wp-json\/wp\/v2\/tags?post=2806"}],"curies":[{"name":"wp","href":"https:\/\/api.w.org\/{rel}","templated":true}]}}