{"id":285,"date":"2014-02-28T17:40:00","date_gmt":"2014-02-28T16:40:00","guid":{"rendered":"http:\/\/uli-freese.de\/neu\/2014\/02\/28\/schuelerpraktikant-im-berliner-buero\/"},"modified":"2018-01-22T16:08:56","modified_gmt":"2018-01-22T15:08:56","slug":"schuelerpraktikant-im-berliner-buero","status":"publish","type":"post","link":"https:\/\/uli-freese.de\/neu\/2014\/02\/28\/schuelerpraktikant-im-berliner-buero\/","title":{"rendered":"Sch\u00fclerpraktikant im Berliner B\u00fcro"},"content":{"rendered":"<p><img loading=\"lazy\" class=\" size-full wp-image-283\" width=\"686\" height=\"386\" alt=\"20140228 SCHUELERPRAKTI BERLIN\" src=\"http:\/\/uli-freese.de\/neu\/wp-content\/uploads\/2014\/02\/20140228_SCHUELERPRAKTI_BERLIN.jpg\" \/><\/p>\n<p>Am heutigen Freitag besuchte Sch\u00fclerpraktikant Valentin aus dem Cottbuser B\u00fcro als Abschluss seines dreiw\u00f6chigen Praktikums mein Bundestagsb\u00fcro in Berlin. Meine Mitarbeiter vor Ort boten ihm einen interessanten Einblick in die Arbeit des Bundestags und der Abgeordneten. Interessant war sicher auch der Besuch der Fraktionsebene, aber nat\u00fcrlich durfte auch ein Besuch der Reichstags-Kuppel nicht fehlen.<\/p>\n<p><img loading=\"lazy\" class=\" size-full wp-image-284\" width=\"686\" height=\"429\" alt=\"20140228 schuelerprakti berlin collage\" src=\"http:\/\/uli-freese.de\/neu\/wp-content\/uploads\/2014\/02\/20140228_schuelerprakti_berlin_collage.jpg\" srcset=\"https:\/\/uli-freese.de\/neu\/wp-content\/uploads\/2014\/02\/20140228_schuelerprakti_berlin_collage.jpg 686w, https:\/\/uli-freese.de\/neu\/wp-content\/uploads\/2014\/02\/20140228_schuelerprakti_berlin_collage-300x188.jpg 300w\" sizes=\"(max-width: 686px) 100vw, 686px\" \/><\/p>\n","protected":false},"excerpt":{"rendered":"<p>Am heutigen Freitag besuchte Sch\u00fclerpraktikant Valentin aus dem Cottbuser B\u00fcro als Abschluss seines dreiw\u00f6chigen Praktikums mein Bundestagsb\u00fcro in Berlin. Meine Mitarbeiter vor Ort boten ihm einen interessanten Einblick in die Arbeit des Bundestags und der Abgeordneten. Interessant war sicher auch der Besuch der Fraktionsebene, aber nat\u00fcrlich durfte auch ein Besuch der Reichstags-Kuppel nicht fehlen.<\/p>\n","protected":false},"author":1,"featured_media":283,"comment_status":"closed","ping_status":"open","sticky":false,"template":"","format":"standard","meta":[],"categories":[3],"tags":[],"_links":{"self":[{"href":"https:\/\/uli-freese.de\/neu\/wp-json\/wp\/v2\/posts\/285"}],"collection":[{"href":"https:\/\/uli-freese.de\/neu\/wp-json\/wp\/v2\/posts"}],"about":[{"href":"https:\/\/uli-freese.de\/neu\/wp-json\/wp\/v2\/types\/post"}],"author":[{"embeddable":true,"href":"https:\/\/uli-freese.de\/neu\/wp-json\/wp\/v2\/users\/1"}],"replies":[{"embeddable":true,"href":"https:\/\/uli-freese.de\/neu\/wp-json\/wp\/v2\/comments?post=285"}],"version-history":[{"count":1,"href":"https:\/\/uli-freese.de\/neu\/wp-json\/wp\/v2\/posts\/285\/revisions"}],"predecessor-version":[{"id":2312,"href":"https:\/\/uli-freese.de\/neu\/wp-json\/wp\/v2\/posts\/285\/revisions\/2312"}],"wp:featuredmedia":[{"embeddable":true,"href":"https:\/\/uli-freese.de\/neu\/wp-json\/wp\/v2\/media\/283"}],"wp:attachment":[{"href":"https:\/\/uli-freese.de\/neu\/wp-json\/wp\/v2\/media?parent=285"}],"wp:term":[{"taxonomy":"category","embeddable":true,"href":"https:\/\/uli-freese.de\/neu\/wp-json\/wp\/v2\/categories?post=285"},{"taxonomy":"post_tag","embeddable":true,"href":"https:\/\/uli-freese.de\/neu\/wp-json\/wp\/v2\/tags?post=285"}],"curies":[{"name":"wp","href":"https:\/\/api.w.org\/{rel}","templated":true}]}}