{"id":287,"date":"2014-03-04T17:54:28","date_gmt":"2014-03-04T16:54:28","guid":{"rendered":"http:\/\/uli-freese.de\/neu\/2014\/03\/04\/politik-wirtschaft-und-fussball-antrittsbesuch-beim-medienhaus-chef\/"},"modified":"2018-01-22T16:08:56","modified_gmt":"2018-01-22T15:08:56","slug":"politik-wirtschaft-und-fussball-antrittsbesuch-beim-medienhaus-chef","status":"publish","type":"post","link":"https:\/\/uli-freese.de\/neu\/2014\/03\/04\/politik-wirtschaft-und-fussball-antrittsbesuch-beim-medienhaus-chef\/","title":{"rendered":"Politik, Wirtschaft &#038; Fu\u00dfball &#8211; Antrittsbesuch beim Medienhaus-Chef"},"content":{"rendered":"<p><img loading=\"lazy\" class=\" size-full wp-image-286\" width=\"686\" height=\"386\" alt=\"20140304 rundschau ulrich freese andreas heinkel\" src=\"http:\/\/uli-freese.de\/neu\/wp-content\/uploads\/2014\/03\/20140304_rundschau_ulrich_freese_andreas_heinkel.jpg\" srcset=\"https:\/\/uli-freese.de\/neu\/wp-content\/uploads\/2014\/03\/20140304_rundschau_ulrich_freese_andreas_heinkel.jpg 686w, https:\/\/uli-freese.de\/neu\/wp-content\/uploads\/2014\/03\/20140304_rundschau_ulrich_freese_andreas_heinkel-300x169.jpg 300w\" sizes=\"(max-width: 686px) 100vw, 686px\" \/><\/p>\n<p>In der Wahlkreiswoche hatte ich heute ein sehr angenehmes Gespr\u00e4ch beim Gesch\u00e4ftsf\u00fchrer des Medienhauses Lausitzer Rundschau. Andreas Heinkel und ich sprachen aber nicht nur \u00fcber das Medienunternehmen, journalistische Geschichten der Region und aktuelle politische Themen, sondern auch \u00fcber unsere gemeinsame sportliche Leidenschaft&nbsp;FC Energie Cottbus. Wir dr\u00fccken beide bis zum Saisonende weiter ganz fest unsere Daumen!<\/p>\n","protected":false},"excerpt":{"rendered":"<p>In der Wahlkreiswoche hatte ich heute ein sehr angenehmes Gespr\u00e4ch beim Gesch\u00e4ftsf\u00fchrer des Medienhauses Lausitzer Rundschau. Andreas Heinkel und ich sprachen aber nicht nur \u00fcber das Medienunternehmen, journalistische Geschichten der Region und aktuelle politische Themen, sondern auch \u00fcber unsere gemeinsame sportliche Leidenschaft&nbsp;FC Energie Cottbus. Wir dr\u00fccken beide bis zum Saisonende weiter ganz fest unsere Daumen!<\/p>\n","protected":false},"author":1,"featured_media":286,"comment_status":"closed","ping_status":"open","sticky":false,"template":"","format":"standard","meta":[],"categories":[3],"tags":[],"_links":{"self":[{"href":"https:\/\/uli-freese.de\/neu\/wp-json\/wp\/v2\/posts\/287"}],"collection":[{"href":"https:\/\/uli-freese.de\/neu\/wp-json\/wp\/v2\/posts"}],"about":[{"href":"https:\/\/uli-freese.de\/neu\/wp-json\/wp\/v2\/types\/post"}],"author":[{"embeddable":true,"href":"https:\/\/uli-freese.de\/neu\/wp-json\/wp\/v2\/users\/1"}],"replies":[{"embeddable":true,"href":"https:\/\/uli-freese.de\/neu\/wp-json\/wp\/v2\/comments?post=287"}],"version-history":[{"count":1,"href":"https:\/\/uli-freese.de\/neu\/wp-json\/wp\/v2\/posts\/287\/revisions"}],"predecessor-version":[{"id":2310,"href":"https:\/\/uli-freese.de\/neu\/wp-json\/wp\/v2\/posts\/287\/revisions\/2310"}],"wp:featuredmedia":[{"embeddable":true,"href":"https:\/\/uli-freese.de\/neu\/wp-json\/wp\/v2\/media\/286"}],"wp:attachment":[{"href":"https:\/\/uli-freese.de\/neu\/wp-json\/wp\/v2\/media?parent=287"}],"wp:term":[{"taxonomy":"category","embeddable":true,"href":"https:\/\/uli-freese.de\/neu\/wp-json\/wp\/v2\/categories?post=287"},{"taxonomy":"post_tag","embeddable":true,"href":"https:\/\/uli-freese.de\/neu\/wp-json\/wp\/v2\/tags?post=287"}],"curies":[{"name":"wp","href":"https:\/\/api.w.org\/{rel}","templated":true}]}}