{"id":3096,"date":"2018-07-27T19:35:46","date_gmt":"2018-07-27T17:35:46","guid":{"rendered":"http:\/\/uli-freese.de\/neu\/?p=3096"},"modified":"2018-07-30T11:37:01","modified_gmt":"2018-07-30T09:37:01","slug":"grillen-bei-der-awo-guben","status":"publish","type":"post","link":"https:\/\/uli-freese.de\/neu\/2018\/07\/27\/grillen-bei-der-awo-guben\/","title":{"rendered":"Grillen bei der AWO Guben"},"content":{"rendered":"<p><a href=\"http:\/\/uli-freese.de\/neu\/wp-content\/uploads\/2018\/07\/20180727-Grillen-AWO-Guben-2.jpg\"><img loading=\"lazy\" class=\"aligncenter wp-image-3097 size-large\" src=\"http:\/\/uli-freese.de\/neu\/wp-content\/uploads\/2018\/07\/20180727-Grillen-AWO-Guben-2-1024x683.jpg\" alt=\"\" width=\"1024\" height=\"683\" srcset=\"https:\/\/uli-freese.de\/neu\/wp-content\/uploads\/2018\/07\/20180727-Grillen-AWO-Guben-2-1024x683.jpg 1024w, https:\/\/uli-freese.de\/neu\/wp-content\/uploads\/2018\/07\/20180727-Grillen-AWO-Guben-2-300x200.jpg 300w, https:\/\/uli-freese.de\/neu\/wp-content\/uploads\/2018\/07\/20180727-Grillen-AWO-Guben-2-768x512.jpg 768w, https:\/\/uli-freese.de\/neu\/wp-content\/uploads\/2018\/07\/20180727-Grillen-AWO-Guben-2-830x554.jpg 830w, https:\/\/uli-freese.de\/neu\/wp-content\/uploads\/2018\/07\/20180727-Grillen-AWO-Guben-2-230x153.jpg 230w, https:\/\/uli-freese.de\/neu\/wp-content\/uploads\/2018\/07\/20180727-Grillen-AWO-Guben-2-350x233.jpg 350w, https:\/\/uli-freese.de\/neu\/wp-content\/uploads\/2018\/07\/20180727-Grillen-AWO-Guben-2-480x320.jpg 480w, https:\/\/uli-freese.de\/neu\/wp-content\/uploads\/2018\/07\/20180727-Grillen-AWO-Guben-2.jpg 1060w\" sizes=\"(max-width: 1024px) 100vw, 1024px\" \/><\/a><\/p>\n<p>Auf Einladung der Vorsitzenden des AWO Ortsvereins Guben, Frau Bossack, habe ich am Freitag Nachmittag gemeinsam mit 40 Rentnerinnen und Rentnern einen unterhaltsamen Grillnachmittag in Guben erlebt. Nat\u00fcrlich ging es da in einer kurzen Gespr\u00e4chsrunde auch um Politik, unter anderem haben wir \u00fcber die Ereignisse nach der Wahl gesprochen: Jamaika, den Koalitionsvertrag, in den wir Sozialdemokraten viel einbringen konnten, wie das Thema Rente, die Pflege und den Fachkr\u00e4ftemangel in Pflegeberufen und ein damit in Verbindung stehendes Einwanderungsgesetz.<\/p>\n<p><a href=\"http:\/\/uli-freese.de\/neu\/wp-content\/uploads\/2018\/07\/20180727-Grillen-AWO-Guben-1.jpg\"><img loading=\"lazy\" class=\"aligncenter wp-image-3098 size-full\" src=\"http:\/\/uli-freese.de\/neu\/wp-content\/uploads\/2018\/07\/20180727-Grillen-AWO-Guben-1.jpg\" alt=\"\" width=\"960\" height=\"640\" srcset=\"https:\/\/uli-freese.de\/neu\/wp-content\/uploads\/2018\/07\/20180727-Grillen-AWO-Guben-1.jpg 960w, https:\/\/uli-freese.de\/neu\/wp-content\/uploads\/2018\/07\/20180727-Grillen-AWO-Guben-1-300x200.jpg 300w, https:\/\/uli-freese.de\/neu\/wp-content\/uploads\/2018\/07\/20180727-Grillen-AWO-Guben-1-768x512.jpg 768w, https:\/\/uli-freese.de\/neu\/wp-content\/uploads\/2018\/07\/20180727-Grillen-AWO-Guben-1-830x553.jpg 830w, https:\/\/uli-freese.de\/neu\/wp-content\/uploads\/2018\/07\/20180727-Grillen-AWO-Guben-1-230x153.jpg 230w, https:\/\/uli-freese.de\/neu\/wp-content\/uploads\/2018\/07\/20180727-Grillen-AWO-Guben-1-350x233.jpg 350w, https:\/\/uli-freese.de\/neu\/wp-content\/uploads\/2018\/07\/20180727-Grillen-AWO-Guben-1-480x320.jpg 480w\" sizes=\"(max-width: 960px) 100vw, 960px\" \/><\/a><\/p>\n","protected":false},"excerpt":{"rendered":"<p>Auf Einladung der Vorsitzenden des AWO Ortsvereins Guben, Frau Bossack, habe ich am Freitag Nachmittag gemeinsam mit 40 Rentnerinnen und Rentnern einen unterhaltsamen Grillnachmittag in Guben erlebt. Nat\u00fcrlich ging es da in einer kurzen Gespr\u00e4chsrunde auch um Politik, unter anderem haben wir \u00fcber die Ereignisse nach der Wahl gesprochen: Jamaika, den Koalitionsvertrag, in den wir [&hellip;]<\/p>\n","protected":false},"author":2,"featured_media":0,"comment_status":"closed","ping_status":"closed","sticky":false,"template":"","format":"standard","meta":[],"categories":[3],"tags":[],"_links":{"self":[{"href":"https:\/\/uli-freese.de\/neu\/wp-json\/wp\/v2\/posts\/3096"}],"collection":[{"href":"https:\/\/uli-freese.de\/neu\/wp-json\/wp\/v2\/posts"}],"about":[{"href":"https:\/\/uli-freese.de\/neu\/wp-json\/wp\/v2\/types\/post"}],"author":[{"embeddable":true,"href":"https:\/\/uli-freese.de\/neu\/wp-json\/wp\/v2\/users\/2"}],"replies":[{"embeddable":true,"href":"https:\/\/uli-freese.de\/neu\/wp-json\/wp\/v2\/comments?post=3096"}],"version-history":[{"count":2,"href":"https:\/\/uli-freese.de\/neu\/wp-json\/wp\/v2\/posts\/3096\/revisions"}],"predecessor-version":[{"id":3100,"href":"https:\/\/uli-freese.de\/neu\/wp-json\/wp\/v2\/posts\/3096\/revisions\/3100"}],"wp:attachment":[{"href":"https:\/\/uli-freese.de\/neu\/wp-json\/wp\/v2\/media?parent=3096"}],"wp:term":[{"taxonomy":"category","embeddable":true,"href":"https:\/\/uli-freese.de\/neu\/wp-json\/wp\/v2\/categories?post=3096"},{"taxonomy":"post_tag","embeddable":true,"href":"https:\/\/uli-freese.de\/neu\/wp-json\/wp\/v2\/tags?post=3096"}],"curies":[{"name":"wp","href":"https:\/\/api.w.org\/{rel}","templated":true}]}}