{"id":3117,"date":"2018-07-23T19:50:01","date_gmt":"2018-07-23T17:50:01","guid":{"rendered":"http:\/\/uli-freese.de\/neu\/?p=3117"},"modified":"2018-07-30T11:51:58","modified_gmt":"2018-07-30T09:51:58","slug":"logistikzentrum-in-guben-eroeffnet","status":"publish","type":"post","link":"https:\/\/uli-freese.de\/neu\/2018\/07\/23\/logistikzentrum-in-guben-eroeffnet\/","title":{"rendered":"Logistikzentrum in Guben er\u00f6ffnet"},"content":{"rendered":"<div class=\"a_9gnmnny2- z_9gnmnib73 clearfix\">\n<div class=\"clearfix m_9gnmnnwed\">\n<div class=\"clearfix _42ef\">\n<div class=\"t_9gnmnnwei\">\n<div>\n<div class=\"_6a _5u5j\">\n<div class=\"_6a _5u5j _6b\">\n<div><a href=\"http:\/\/uli-freese.de\/neu\/wp-content\/uploads\/2018\/07\/20180725-Logistikzentrum-Guben-Er\u00f6ffnung.jpg\"><img loading=\"lazy\" class=\"aligncenter size-large wp-image-3118\" src=\"http:\/\/uli-freese.de\/neu\/wp-content\/uploads\/2018\/07\/20180725-Logistikzentrum-Guben-Er\u00f6ffnung-1024x684.jpg\" alt=\"\" width=\"1024\" height=\"684\" srcset=\"https:\/\/uli-freese.de\/neu\/wp-content\/uploads\/2018\/07\/20180725-Logistikzentrum-Guben-Er\u00f6ffnung-1024x684.jpg 1024w, https:\/\/uli-freese.de\/neu\/wp-content\/uploads\/2018\/07\/20180725-Logistikzentrum-Guben-Er\u00f6ffnung-300x200.jpg 300w, https:\/\/uli-freese.de\/neu\/wp-content\/uploads\/2018\/07\/20180725-Logistikzentrum-Guben-Er\u00f6ffnung-768x513.jpg 768w, https:\/\/uli-freese.de\/neu\/wp-content\/uploads\/2018\/07\/20180725-Logistikzentrum-Guben-Er\u00f6ffnung-830x554.jpg 830w, https:\/\/uli-freese.de\/neu\/wp-content\/uploads\/2018\/07\/20180725-Logistikzentrum-Guben-Er\u00f6ffnung-230x154.jpg 230w, https:\/\/uli-freese.de\/neu\/wp-content\/uploads\/2018\/07\/20180725-Logistikzentrum-Guben-Er\u00f6ffnung-350x234.jpg 350w, https:\/\/uli-freese.de\/neu\/wp-content\/uploads\/2018\/07\/20180725-Logistikzentrum-Guben-Er\u00f6ffnung-480x320.jpg 480w, https:\/\/uli-freese.de\/neu\/wp-content\/uploads\/2018\/07\/20180725-Logistikzentrum-Guben-Er\u00f6ffnung.jpg 1760w\" sizes=\"(max-width: 1024px) 100vw, 1024px\" \/><\/a><\/div>\n<div id=\"feed_subtitle_550158624995406;1999670793377508;;9\" class=\"_5pcp _5lel _2jyu _232_\">Heute Nachmittag nahm ich an der feierlichen Er\u00f6ffnung des neuen Logistikzentrums der ATT Polymers GmbH in Guben teil. Dieser Neubau ist ein wichtiges Signal zur St\u00e4rkung des Chemieparkes Guben. Vorhandene Arbeitspl\u00e4tze in der Polymerproduktion werden gesichert. Begr\u00fc\u00dfenswert war dass die baulichen und handwerklichen Arbeiten von regionalen Firmen aus Guben und Forst zur Zufriedenheit der Investoren ausgef\u00fchrt wurden.<\/div>\n<\/div>\n<\/div>\n<\/div>\n<\/div>\n<\/div>\n<\/div>\n<\/div>\n<div id=\"js_2qx\" class=\"_5pbx userContent _3576\" data-ft=\"{&quot;tn&quot;:&quot;K&quot;}\">\n<p>Die am Rande der Er\u00f6ffnungsveranstaltung gef\u00fchrten Gespr\u00e4che mit dem Pr\u00e4sidenten der IHK Cottbus und deren Hauptgesch\u00e4ftsf\u00fchrer machen deutlich, wie wichtig besonnene und kluge Entscheidungen der Politik, im Rahmen der Energie- und Klimawende, f\u00fcr die Entwicklung der Lausitz sind.<br \/>\nDie Warnung vor Schnellsch\u00fcssen ist bei mir auf offene Ohren gesto\u00dfen.<\/p>\n<\/div>\n","protected":false},"excerpt":{"rendered":"<p>Heute Nachmittag nahm ich an der feierlichen Er\u00f6ffnung des neuen Logistikzentrums der ATT Polymers GmbH in Guben teil. Dieser Neubau ist ein wichtiges Signal zur St\u00e4rkung des Chemieparkes Guben. Vorhandene Arbeitspl\u00e4tze in der Polymerproduktion werden gesichert. Begr\u00fc\u00dfenswert war dass die baulichen und handwerklichen Arbeiten von regionalen Firmen aus Guben und Forst zur Zufriedenheit der Investoren [&hellip;]<\/p>\n","protected":false},"author":2,"featured_media":0,"comment_status":"closed","ping_status":"closed","sticky":false,"template":"","format":"standard","meta":[],"categories":[3],"tags":[],"_links":{"self":[{"href":"https:\/\/uli-freese.de\/neu\/wp-json\/wp\/v2\/posts\/3117"}],"collection":[{"href":"https:\/\/uli-freese.de\/neu\/wp-json\/wp\/v2\/posts"}],"about":[{"href":"https:\/\/uli-freese.de\/neu\/wp-json\/wp\/v2\/types\/post"}],"author":[{"embeddable":true,"href":"https:\/\/uli-freese.de\/neu\/wp-json\/wp\/v2\/users\/2"}],"replies":[{"embeddable":true,"href":"https:\/\/uli-freese.de\/neu\/wp-json\/wp\/v2\/comments?post=3117"}],"version-history":[{"count":1,"href":"https:\/\/uli-freese.de\/neu\/wp-json\/wp\/v2\/posts\/3117\/revisions"}],"predecessor-version":[{"id":3119,"href":"https:\/\/uli-freese.de\/neu\/wp-json\/wp\/v2\/posts\/3117\/revisions\/3119"}],"wp:attachment":[{"href":"https:\/\/uli-freese.de\/neu\/wp-json\/wp\/v2\/media?parent=3117"}],"wp:term":[{"taxonomy":"category","embeddable":true,"href":"https:\/\/uli-freese.de\/neu\/wp-json\/wp\/v2\/categories?post=3117"},{"taxonomy":"post_tag","embeddable":true,"href":"https:\/\/uli-freese.de\/neu\/wp-json\/wp\/v2\/tags?post=3117"}],"curies":[{"name":"wp","href":"https:\/\/api.w.org\/{rel}","templated":true}]}}