{"id":321,"date":"2014-03-20T16:08:15","date_gmt":"2014-03-20T15:08:15","guid":{"rendered":"http:\/\/uli-freese.de\/neu\/2014\/03\/20\/forster-schueler-entdecken-den-bundestag\/"},"modified":"2018-01-22T16:08:45","modified_gmt":"2018-01-22T15:08:45","slug":"forster-schueler-entdecken-den-bundestag","status":"publish","type":"post","link":"https:\/\/uli-freese.de\/neu\/2014\/03\/20\/forster-schueler-entdecken-den-bundestag\/","title":{"rendered":"Forster Sch\u00fcler erleben den Bundestag"},"content":{"rendered":"<p><img loading=\"lazy\" class=\" size-full wp-image-319\" width=\"686\" height=\"515\" alt=\"20140320 OS Forst im BTG bearbeitet-1\" src=\"http:\/\/uli-freese.de\/neu\/wp-content\/uploads\/2014\/03\/20140320_OS_Forst_im_BTG_bearbeitet-1.jpg\" srcset=\"https:\/\/uli-freese.de\/neu\/wp-content\/uploads\/2014\/03\/20140320_OS_Forst_im_BTG_bearbeitet-1.jpg 686w, https:\/\/uli-freese.de\/neu\/wp-content\/uploads\/2014\/03\/20140320_OS_Forst_im_BTG_bearbeitet-1-300x225.jpg 300w\" sizes=\"(max-width: 686px) 100vw, 686px\" \/><\/p>\n<p>Heute besuchten mich Sch\u00fclerinnen und Sch\u00fcler der 9. Klasse der Gutenberg Oberschule aus Forst. Die \u00fcber 20 Sch\u00fcler und ihre Lehrer bekamen neben einer F\u00fchrung durch den Reichstag vor allem die politische Arbeit des Parlaments erkl\u00e4rt.&nbsp;<\/p>\n<p><img loading=\"lazy\" class=\" size-full wp-image-320\" width=\"686\" height=\"386\" alt=\"20140320 OS Forst im PLH\" src=\"http:\/\/uli-freese.de\/neu\/wp-content\/uploads\/2014\/03\/20140320_OS_Forst_im_PLH.jpg\" srcset=\"https:\/\/uli-freese.de\/neu\/wp-content\/uploads\/2014\/03\/20140320_OS_Forst_im_PLH.jpg 686w, https:\/\/uli-freese.de\/neu\/wp-content\/uploads\/2014\/03\/20140320_OS_Forst_im_PLH-300x169.jpg 300w\" sizes=\"(max-width: 686px) 100vw, 686px\" \/><\/p>\n<p>Vor dem Gruppenfoto gab es nat\u00fcrlich auch ein gemeinsames Gespr\u00e4ch im Paul L\u00f6be-Haus.&nbsp;Mir ist es wichtig jungen Menschen auf diesem Wege Politik und Demokratie n\u00e4her zu bringen. Deshalb freue ich mich auf zahlreiche weitere Besuche von Sch\u00fclerinnen und Sch\u00fcler aus dem Wahlkreis. Meine Mitarbeiter in den B\u00fcrgerb\u00fcros in Forst, Spremberg, Guben und Cottbus sind Ansprechpartner f\u00fcr die Terminfindung.<\/p>\n<p>Informationen zu den Besuchsm\u00f6glichkeiten f\u00fcr Schulklassen (aber auch Privatpersonen in Gruppen) finden Sie auf meiner Homepage rechts im Men\u00fc unter <a href=\"index.php?option=com_content&amp;view=article&amp;id=142&amp;Itemid=139\">&#8222;Besuch in Berlin&#8220;<\/a>.<\/p>\n<p>(Einen ausf\u00fchrlichen Pressetext zum Besuch finden Medienvertreter hier <a href=\"index.php\/presse\/150-pi-forster-neunt-klaessler-erleben-politik-hautnah\">zum Download)<\/a><\/p>\n","protected":false},"excerpt":{"rendered":"<p>Heute besuchten mich Sch\u00fclerinnen und Sch\u00fcler der 9. Klasse der Gutenberg Oberschule aus Forst. Die \u00fcber 20 Sch\u00fcler und ihre Lehrer bekamen neben einer F\u00fchrung durch den Reichstag vor allem die politische Arbeit des Parlaments erkl\u00e4rt.&nbsp; Vor dem Gruppenfoto gab es nat\u00fcrlich auch ein gemeinsames Gespr\u00e4ch im Paul L\u00f6be-Haus.&nbsp;Mir ist es wichtig jungen Menschen auf [&hellip;]<\/p>\n","protected":false},"author":1,"featured_media":319,"comment_status":"closed","ping_status":"open","sticky":false,"template":"","format":"standard","meta":[],"categories":[3],"tags":[],"_links":{"self":[{"href":"https:\/\/uli-freese.de\/neu\/wp-json\/wp\/v2\/posts\/321"}],"collection":[{"href":"https:\/\/uli-freese.de\/neu\/wp-json\/wp\/v2\/posts"}],"about":[{"href":"https:\/\/uli-freese.de\/neu\/wp-json\/wp\/v2\/types\/post"}],"author":[{"embeddable":true,"href":"https:\/\/uli-freese.de\/neu\/wp-json\/wp\/v2\/users\/1"}],"replies":[{"embeddable":true,"href":"https:\/\/uli-freese.de\/neu\/wp-json\/wp\/v2\/comments?post=321"}],"version-history":[{"count":1,"href":"https:\/\/uli-freese.de\/neu\/wp-json\/wp\/v2\/posts\/321\/revisions"}],"predecessor-version":[{"id":2297,"href":"https:\/\/uli-freese.de\/neu\/wp-json\/wp\/v2\/posts\/321\/revisions\/2297"}],"wp:featuredmedia":[{"embeddable":true,"href":"https:\/\/uli-freese.de\/neu\/wp-json\/wp\/v2\/media\/319"}],"wp:attachment":[{"href":"https:\/\/uli-freese.de\/neu\/wp-json\/wp\/v2\/media?parent=321"}],"wp:term":[{"taxonomy":"category","embeddable":true,"href":"https:\/\/uli-freese.de\/neu\/wp-json\/wp\/v2\/categories?post=321"},{"taxonomy":"post_tag","embeddable":true,"href":"https:\/\/uli-freese.de\/neu\/wp-json\/wp\/v2\/tags?post=321"}],"curies":[{"name":"wp","href":"https:\/\/api.w.org\/{rel}","templated":true}]}}