{"id":332,"date":"2014-03-25T13:44:15","date_gmt":"2014-03-25T12:44:15","guid":{"rendered":"http:\/\/uli-freese.de\/neu\/2014\/03\/25\/radiotipp-fuer-mittwoch-abend-brandenburger-begegnungen\/"},"modified":"2018-01-22T16:08:45","modified_gmt":"2018-01-22T15:08:45","slug":"radiotipp-fuer-mittwoch-abend-brandenburger-begegnungen","status":"publish","type":"post","link":"https:\/\/uli-freese.de\/neu\/2014\/03\/25\/radiotipp-fuer-mittwoch-abend-brandenburger-begegnungen\/","title":{"rendered":"Radiotipp f\u00fcr Mittwoch Abend: Brandenburger Begegnungen"},"content":{"rendered":"<p><img loading=\"lazy\" class=\" alignright size-full wp-image-331\" width=\"162\" height=\"219\" style=\"float: right;\" alt=\"Uli Freese Bundestag mit rbb Schiller\" src=\"http:\/\/uli-freese.de\/neu\/wp-content\/uploads\/2014\/03\/Uli_Freese_Bundestag_mit_rbb_Schiller.jpg\" \/>Hier habe ich einen Radio-Tipp f\u00fcr morgen Abend: 21 Uhr am&nbsp;26.3.2014 auf&nbsp;Antenne Brandenburg und die &#8222;Brandenburger Begegnungen&#8220; einschalten!<\/p>\n<p>rbb-Reporter Sebastian Schiller hat mich einen Tag lang bei meiner Arbeit in Berlin begleitet. (<a href=\"index.php?option=com_content&amp;view=article&amp;id=129:rbb-ein-tag-mit-mdb-uli-freese-in-berlin&amp;catid=10:presse&amp;Itemid=116\">s. unseren Bericht auf dieser Seite<\/a>).<\/p>\n<p>Gemeinsam mit meinen Spremberger MdB-Kollegen aus dem Wahlkreis Cottbus\/Spree-Nei\u00dfe werde ich in dieser einst\u00fcndigen Sendung zu h\u00f6ren sein. Begleiten Sie mich einen Tag lang bei meiner Arbeit im Reichstag, Paul-L\u00f6be-Haus und auch bei einem Besuch in der Landesvertretung Brandenburgs.<\/p>\n<p>Mehr zur Sendung auf der <a href=\"http:\/\/www.antennebrandenburg.de\/programm\/schema\/sendungen\/brandenburger_begegnungen.html\" target=\"_blank\">Homepage von Antenne Brandenburg<\/a><\/p>\n","protected":false},"excerpt":{"rendered":"<p>Hier habe ich einen Radio-Tipp f\u00fcr morgen Abend: 21 Uhr am&nbsp;26.3.2014 auf&nbsp;Antenne Brandenburg und die &#8222;Brandenburger Begegnungen&#8220; einschalten! rbb-Reporter Sebastian Schiller hat mich einen Tag lang bei meiner Arbeit in Berlin begleitet. (s. unseren Bericht auf dieser Seite). Gemeinsam mit meinen Spremberger MdB-Kollegen aus dem Wahlkreis Cottbus\/Spree-Nei\u00dfe werde ich in dieser einst\u00fcndigen Sendung zu h\u00f6ren [&hellip;]<\/p>\n","protected":false},"author":1,"featured_media":331,"comment_status":"closed","ping_status":"open","sticky":false,"template":"","format":"standard","meta":[],"categories":[3],"tags":[],"_links":{"self":[{"href":"https:\/\/uli-freese.de\/neu\/wp-json\/wp\/v2\/posts\/332"}],"collection":[{"href":"https:\/\/uli-freese.de\/neu\/wp-json\/wp\/v2\/posts"}],"about":[{"href":"https:\/\/uli-freese.de\/neu\/wp-json\/wp\/v2\/types\/post"}],"author":[{"embeddable":true,"href":"https:\/\/uli-freese.de\/neu\/wp-json\/wp\/v2\/users\/1"}],"replies":[{"embeddable":true,"href":"https:\/\/uli-freese.de\/neu\/wp-json\/wp\/v2\/comments?post=332"}],"version-history":[{"count":1,"href":"https:\/\/uli-freese.de\/neu\/wp-json\/wp\/v2\/posts\/332\/revisions"}],"predecessor-version":[{"id":2294,"href":"https:\/\/uli-freese.de\/neu\/wp-json\/wp\/v2\/posts\/332\/revisions\/2294"}],"wp:featuredmedia":[{"embeddable":true,"href":"https:\/\/uli-freese.de\/neu\/wp-json\/wp\/v2\/media\/331"}],"wp:attachment":[{"href":"https:\/\/uli-freese.de\/neu\/wp-json\/wp\/v2\/media?parent=332"}],"wp:term":[{"taxonomy":"category","embeddable":true,"href":"https:\/\/uli-freese.de\/neu\/wp-json\/wp\/v2\/categories?post=332"},{"taxonomy":"post_tag","embeddable":true,"href":"https:\/\/uli-freese.de\/neu\/wp-json\/wp\/v2\/tags?post=332"}],"curies":[{"name":"wp","href":"https:\/\/api.w.org\/{rel}","templated":true}]}}