{"id":337,"date":"2014-03-27T15:52:05","date_gmt":"2014-03-27T14:52:05","guid":{"rendered":"http:\/\/uli-freese.de\/neu\/2014\/03\/27\/presseinformation-ulrich-freese-mehr-und-gut-bezahlte-pflegekraefte-dringend-gebraucht\/"},"modified":"2018-01-22T16:08:45","modified_gmt":"2018-01-22T15:08:45","slug":"presseinformation-ulrich-freese-mehr-und-gut-bezahlte-pflegekraefte-dringend-gebraucht","status":"publish","type":"post","link":"https:\/\/uli-freese.de\/neu\/2014\/03\/27\/presseinformation-ulrich-freese-mehr-und-gut-bezahlte-pflegekraefte-dringend-gebraucht\/","title":{"rendered":"Ulrich Freese: \u201eMehr und gut bezahlte Pflegekr\u00e4fte dringend gebraucht\u201c (Presseinformation)"},"content":{"rendered":"<p><img loading=\"lazy\" class=\" alignright size-full wp-image-335\" width=\"177\" height=\"265\" style=\"margin: 5px; float: right;\" alt=\"ulrichfreese copyright SPDParteivorstand SusieKnoll FlorianJaenicke\" src=\"http:\/\/uli-freese.de\/neu\/wp-content\/uploads\/2014\/03\/ulrichfreese_copyright_SPDParteivorstand_SusieKnoll_FlorianJaenicke.jpg\" \/>Berlin \/ Cottbus \u2013 <strong>Ulrich Freese (SPD), Lausitzer Bundestags-Abgeordneter und stellvertretendes Mitglied im Gesundheitsausschuss, begr\u00fc\u00dfte heute in Berlin die Forderungen von Bundesgesundheitsminister Hermann Gr\u00f6he (CDU), der sich f\u00fcr eine bessere Bezahlung der Pflegefachkr\u00e4fte ausspricht.<\/strong><\/p>\n<p>\u201eMit Freude nehme ich zur Kenntnis, dass der Gesundheitsminister hier einer Forderung der SPD aus dem Bundestagswahlkampf nachkommt\u201c, so der Sozialdemokrat. Freese unterstreicht die auch von ihm in der Region im Wahlkampf gemachten Forderungen nach mehr, und vor allem besser bezahlten Pflegekr\u00e4ften, mit den Bed\u00fcrfnissen der \u00e4lter werdenden Bev\u00f6lkerung. In den kommenden 15 Jahren rechnen Experten mit rund 1 Million mehr Pflegebed\u00fcrftigen.<\/p>\n<p>Um diesen Bed\u00fcrfnissen gerecht werden zu k\u00f6nnen, \u201ebrauchen wir auch einen anerkannten Ausbildungsberuf f\u00fcr Pflegefachkr\u00e4fte mit einer entsprechenden Ausbildungsverg\u00fctung, ohne dass dabei die Menschen die Kosten ihrer Ausbildung selbst tragen m\u00fcssen\u201c, so Freese.<\/p>\n<p>Weiter fordert er eine bessere Bezahlung und entsprechende Tarifvertr\u00e4ge f\u00fcr die Besch\u00e4ftigten in Pflegeberufen. \u201eJetzt muss der Gesundheitsminister liefern, ich werde mich als Bundestagsabgeordneter mit seinen Vorlagen besch\u00e4ftigen und, wenn es sein muss, auch kritisch auseinandersetzen\u201c, so Ulrich Freese.&nbsp;<\/p>\n<p>Pressetext <a href=\"http:\/\/uli-freese.de\/neu\/wp-content\/uploads\/2014\/03\/20140312-PM-UlrichFreese_Besser_Bezahlung_von_Pflegekrften.pdf\" target=\"_blank\">hier als PDF-Datei herunterladen<\/a><\/p>\n<p>Pressekontakt: B\u00fcrgerb\u00fcro Ulrich Freese <br \/><a href=\"mailto:cottbus@ulrich-freese.de\">cottbus@ulrich-freese.de<\/a> &#8211; Telefon 0355 \/ 78 408 470 &#8211; Telefax 0355 \/ 78 408 471<\/p>\n<p><span style=\"font-size: 8pt;\">(Foto: SPD-Parteivorstand, Knoll\/Jaenicke)<\/span><\/p>\n","protected":false},"excerpt":{"rendered":"<p>Berlin \/ Cottbus \u2013 Ulrich Freese (SPD), Lausitzer Bundestags-Abgeordneter und stellvertretendes Mitglied im Gesundheitsausschuss, begr\u00fc\u00dfte heute in Berlin die Forderungen von Bundesgesundheitsminister Hermann Gr\u00f6he (CDU), der sich f\u00fcr eine bessere Bezahlung der Pflegefachkr\u00e4fte ausspricht. \u201eMit Freude nehme ich zur Kenntnis, dass der Gesundheitsminister hier einer Forderung der SPD aus dem Bundestagswahlkampf nachkommt\u201c, so der Sozialdemokrat. [&hellip;]<\/p>\n","protected":false},"author":1,"featured_media":335,"comment_status":"closed","ping_status":"open","sticky":false,"template":"","format":"standard","meta":[],"categories":[5],"tags":[],"_links":{"self":[{"href":"https:\/\/uli-freese.de\/neu\/wp-json\/wp\/v2\/posts\/337"}],"collection":[{"href":"https:\/\/uli-freese.de\/neu\/wp-json\/wp\/v2\/posts"}],"about":[{"href":"https:\/\/uli-freese.de\/neu\/wp-json\/wp\/v2\/types\/post"}],"author":[{"embeddable":true,"href":"https:\/\/uli-freese.de\/neu\/wp-json\/wp\/v2\/users\/1"}],"replies":[{"embeddable":true,"href":"https:\/\/uli-freese.de\/neu\/wp-json\/wp\/v2\/comments?post=337"}],"version-history":[{"count":1,"href":"https:\/\/uli-freese.de\/neu\/wp-json\/wp\/v2\/posts\/337\/revisions"}],"predecessor-version":[{"id":2292,"href":"https:\/\/uli-freese.de\/neu\/wp-json\/wp\/v2\/posts\/337\/revisions\/2292"}],"wp:featuredmedia":[{"embeddable":true,"href":"https:\/\/uli-freese.de\/neu\/wp-json\/wp\/v2\/media\/335"}],"wp:attachment":[{"href":"https:\/\/uli-freese.de\/neu\/wp-json\/wp\/v2\/media?parent=337"}],"wp:term":[{"taxonomy":"category","embeddable":true,"href":"https:\/\/uli-freese.de\/neu\/wp-json\/wp\/v2\/categories?post=337"},{"taxonomy":"post_tag","embeddable":true,"href":"https:\/\/uli-freese.de\/neu\/wp-json\/wp\/v2\/tags?post=337"}],"curies":[{"name":"wp","href":"https:\/\/api.w.org\/{rel}","templated":true}]}}