{"id":339,"date":"2014-04-01T12:01:20","date_gmt":"2014-04-01T10:01:20","guid":{"rendered":"http:\/\/uli-freese.de\/neu\/2014\/04\/01\/pi-kontakt-zur-landesregierung-und-zu-den-buergern-ist-mir-wichtig\/"},"modified":"2018-01-22T16:08:45","modified_gmt":"2018-01-22T15:08:45","slug":"pi-kontakt-zur-landesregierung-und-zu-den-buergern-ist-mir-wichtig","status":"publish","type":"post","link":"https:\/\/uli-freese.de\/neu\/2014\/04\/01\/pi-kontakt-zur-landesregierung-und-zu-den-buergern-ist-mir-wichtig\/","title":{"rendered":"PI: &#8222;Kontakt zur Landesregierung und zu den B\u00fcrgern ist mir wichtig&#8220;"},"content":{"rendered":"<p><strong>4. April: MdB Ulrich Freese zu F\u00f6rderbescheid-\u00dcbergabe in Cottbus und zur Sprechstunde in Spremberg<\/strong><\/p>\n<p><img loading=\"lazy\" class=\" alignright size-full wp-image-258\" width=\"250\" height=\"400\" style=\"float: right;\" alt=\"20140214 SPB Buero3\" src=\"http:\/\/uli-freese.de\/neu\/wp-content\/uploads\/2014\/02\/20140214_SPB_Buero3.jpg\" \/>Berlin\/Cottbus. <strong>Der Lausitzer Bundestagsabgeordnete Ulrich Freese l\u00e4dt am Freitag, den 4. April 2014 ab 15:30 Uhr zur B\u00fcrgersprechstunde in Spremberg ein.<\/strong> B\u00fcrgerinnen und B\u00fcrger k\u00f6nnen sich &#8211; wir schon in den vergangenen Monaten gut angenommen &#8211; mit ihren Anliegen an diesem Tag direkt an den Spremberger SPD-Abgeordneten wenden. Das SPD-B\u00fcrgerb\u00fcro befindet sich in der Lange Stra\u00dfe 10 in Spremberg. Eine Terminvereinbarung ist bereits vorab telefonisch unter 03563\/6088860 oder via Mail an <a href=\"mailto:spremberg@ulrich-freese.de\">spremberg@ulrich-freese.de<\/a><a href=\"mailto:spremberg@ulrich-freese.de\"> m\u00f6glich.<\/a><\/p>\n<p>Aber auch au\u00dferhalb der Sprechstunden sind die Mitarbeiter der vier B\u00fcrgerb\u00fcros in Spremberg, Cottbus, Forst und Guben Ansprechpartner f\u00fcr B\u00fcrgerfragen im Wahlkreis. \u00dcber die B\u00fcrgerb\u00fcros ist es zudem m\u00f6glich, individuelle Termine mit Ulrich Freese zu vereinbaren. Die Termine f\u00fcr die Sprechstunden in den \u00fcbrigen B\u00fcrgerb\u00fcros nach Ostern werden in K\u00fcrze auf <a href=\"http:\/\/www.uli-freese.de\">www.uli-freese.de<\/a> im Internet ver\u00f6ffentlicht.<\/p>\n<p>Vor der B\u00fcrgersprechstunde am 4. April wird MdB Ulrich Freese direkt nach der letzten Plenarsitzung in Berlin voraussichtlich um 14 Uhr in der Cottbuser Bahnhofstra\u00dfe bei der feierlichen \u00dcbergabe der F\u00f6rdermittelbescheide durch den Brandenburgischen Minister f\u00fcr Infrastruktur und Landwirtschaft teilnehmen. Minister J\u00f6rg Vogels\u00e4nger \u00fcbergibt dort an den Cottbuser Oberb\u00fcrgermeister Bescheide f\u00fcr den Bau der Stra\u00dfe der Jugend, den Ausbau des Stadtmuseums und den weiteren Umbau des Staatstheaters. \u201eAls Mitglied in den Aussch\u00fcssen f\u00fcr Wirtschaft\/Energie und Haushalt ist es mir besonders wichtig, mit der Brandenburger Landesregierung im engen Austausch \u00fcber F\u00f6rderprojekte zu stehen. Nat\u00fcrlich liegen mir dabei Projekte in meinem Heimatwahlkreis besonders am Herzen\u201c, so Freese.<\/p>\n<p>Dieses Dokument <a href=\"http:\/\/uli-freese.de\/neu\/wp-content\/uploads\/2014\/04\/20140401-Presseinfo-MdB-Ulrich-Freese-zur-Brgersprechstunde-SPB-und-Wahlkreistermin-CB-am-4-April.pdf\" target=\"_blank\">als PDF-Datei herunterladen<\/a><\/p>\n<p>(Archiv-Foto: B\u00fcrgerb\u00fcro Spremberg)<\/p>\n","protected":false},"excerpt":{"rendered":"<p>4. April: MdB Ulrich Freese zu F\u00f6rderbescheid-\u00dcbergabe in Cottbus und zur Sprechstunde in Spremberg Berlin\/Cottbus. Der Lausitzer Bundestagsabgeordnete Ulrich Freese l\u00e4dt am Freitag, den 4. April 2014 ab 15:30 Uhr zur B\u00fcrgersprechstunde in Spremberg ein. B\u00fcrgerinnen und B\u00fcrger k\u00f6nnen sich &#8211; wir schon in den vergangenen Monaten gut angenommen &#8211; mit ihren Anliegen an diesem [&hellip;]<\/p>\n","protected":false},"author":1,"featured_media":258,"comment_status":"closed","ping_status":"open","sticky":false,"template":"","format":"standard","meta":[],"categories":[5],"tags":[],"_links":{"self":[{"href":"https:\/\/uli-freese.de\/neu\/wp-json\/wp\/v2\/posts\/339"}],"collection":[{"href":"https:\/\/uli-freese.de\/neu\/wp-json\/wp\/v2\/posts"}],"about":[{"href":"https:\/\/uli-freese.de\/neu\/wp-json\/wp\/v2\/types\/post"}],"author":[{"embeddable":true,"href":"https:\/\/uli-freese.de\/neu\/wp-json\/wp\/v2\/users\/1"}],"replies":[{"embeddable":true,"href":"https:\/\/uli-freese.de\/neu\/wp-json\/wp\/v2\/comments?post=339"}],"version-history":[{"count":1,"href":"https:\/\/uli-freese.de\/neu\/wp-json\/wp\/v2\/posts\/339\/revisions"}],"predecessor-version":[{"id":2291,"href":"https:\/\/uli-freese.de\/neu\/wp-json\/wp\/v2\/posts\/339\/revisions\/2291"}],"wp:featuredmedia":[{"embeddable":true,"href":"https:\/\/uli-freese.de\/neu\/wp-json\/wp\/v2\/media\/258"}],"wp:attachment":[{"href":"https:\/\/uli-freese.de\/neu\/wp-json\/wp\/v2\/media?parent=339"}],"wp:term":[{"taxonomy":"category","embeddable":true,"href":"https:\/\/uli-freese.de\/neu\/wp-json\/wp\/v2\/categories?post=339"},{"taxonomy":"post_tag","embeddable":true,"href":"https:\/\/uli-freese.de\/neu\/wp-json\/wp\/v2\/tags?post=339"}],"curies":[{"name":"wp","href":"https:\/\/api.w.org\/{rel}","templated":true}]}}