{"id":345,"date":"2014-04-08T08:59:54","date_gmt":"2014-04-08T06:59:54","guid":{"rendered":"http:\/\/uli-freese.de\/neu\/2014\/04\/08\/haushaltswoche-heute-gegen-17-30-uhr-rede-zum-haushaltsplan-09\/"},"modified":"2018-01-22T16:08:35","modified_gmt":"2018-01-22T15:08:35","slug":"haushaltswoche-heute-gegen-17-30-uhr-rede-zum-haushaltsplan-09","status":"publish","type":"post","link":"https:\/\/uli-freese.de\/neu\/2014\/04\/08\/haushaltswoche-heute-gegen-17-30-uhr-rede-zum-haushaltsplan-09\/","title":{"rendered":"Haushaltswoche: Heute gegen 17:30 Uhr meine n\u00e4chste Rede vor dem Plenum"},"content":{"rendered":"<p>Diese Woche steht unter der Reichstagskuppel ganz im Zeichen des Haushalts. Heute wird der Haushalt durch den&nbsp;Bundesfinanzminister Dr. Wolfgang Sch\u00e4uble (CDU)&nbsp;eingebracht.&nbsp;<\/p>\n<p><img loading=\"lazy\" class=\" size-full wp-image-344\" width=\"686\" height=\"387\" alt=\"20140213 plenum uli2\" src=\"http:\/\/uli-freese.de\/neu\/wp-content\/uploads\/2014\/04\/20140213_plenum_uli2.jpg\" srcset=\"https:\/\/uli-freese.de\/neu\/wp-content\/uploads\/2014\/04\/20140213_plenum_uli2.jpg 871w, https:\/\/uli-freese.de\/neu\/wp-content\/uploads\/2014\/04\/20140213_plenum_uli2-300x169.jpg 300w, https:\/\/uli-freese.de\/neu\/wp-content\/uploads\/2014\/04\/20140213_plenum_uli2-768x433.jpg 768w\" sizes=\"(max-width: 686px) 100vw, 686px\" \/><\/p>\n<p>Am Nachmittag steht dann auch der Einzelplan 10 des Bundesministeriums Ern\u00e4hrung und Landwirtschaft (BMEL) auf der Tagesordnung. Als st\u00e4ndiger Vertreter im Haushaltsausschuss&nbsp;habe ich f\u00fcr die SPD die Berichterstatterfunktion und darf heute gegen 17:30 Uhr in der 28. Sitzung des Bundestages reden.<\/p>\n<p>\u00dcbertragen wird die 28. Sitzung seit heute Vormittag live auf <a href=\"http:\/\/www.bundestag.de\/Mediathek\/index.jsp?action=tv\" target=\"_blank\">Bundestag.de<\/a> und bei Phoenix. Ein Video meiner Rede wird sp\u00e4ter an dieser Stelle ver\u00f6ffentlicht.<\/p>\n<p><span style=\"font-size: 8pt;\"><em>(Archiv-Foto: Erste Rede von Uli Freese im Bundestag, 13. Februar 2014 &#8211; copyright: Deutscher Bundestag)<\/em><\/span><\/p>\n","protected":false},"excerpt":{"rendered":"<p>Diese Woche steht unter der Reichstagskuppel ganz im Zeichen des Haushalts. Heute wird der Haushalt durch den&nbsp;Bundesfinanzminister Dr. Wolfgang Sch\u00e4uble (CDU)&nbsp;eingebracht.&nbsp; Am Nachmittag steht dann auch der Einzelplan 10 des Bundesministeriums Ern\u00e4hrung und Landwirtschaft (BMEL) auf der Tagesordnung. Als st\u00e4ndiger Vertreter im Haushaltsausschuss&nbsp;habe ich f\u00fcr die SPD die Berichterstatterfunktion und darf heute gegen 17:30 Uhr [&hellip;]<\/p>\n","protected":false},"author":1,"featured_media":344,"comment_status":"closed","ping_status":"open","sticky":false,"template":"","format":"standard","meta":[],"categories":[3],"tags":[],"_links":{"self":[{"href":"https:\/\/uli-freese.de\/neu\/wp-json\/wp\/v2\/posts\/345"}],"collection":[{"href":"https:\/\/uli-freese.de\/neu\/wp-json\/wp\/v2\/posts"}],"about":[{"href":"https:\/\/uli-freese.de\/neu\/wp-json\/wp\/v2\/types\/post"}],"author":[{"embeddable":true,"href":"https:\/\/uli-freese.de\/neu\/wp-json\/wp\/v2\/users\/1"}],"replies":[{"embeddable":true,"href":"https:\/\/uli-freese.de\/neu\/wp-json\/wp\/v2\/comments?post=345"}],"version-history":[{"count":1,"href":"https:\/\/uli-freese.de\/neu\/wp-json\/wp\/v2\/posts\/345\/revisions"}],"predecessor-version":[{"id":2287,"href":"https:\/\/uli-freese.de\/neu\/wp-json\/wp\/v2\/posts\/345\/revisions\/2287"}],"wp:featuredmedia":[{"embeddable":true,"href":"https:\/\/uli-freese.de\/neu\/wp-json\/wp\/v2\/media\/344"}],"wp:attachment":[{"href":"https:\/\/uli-freese.de\/neu\/wp-json\/wp\/v2\/media?parent=345"}],"wp:term":[{"taxonomy":"category","embeddable":true,"href":"https:\/\/uli-freese.de\/neu\/wp-json\/wp\/v2\/categories?post=345"},{"taxonomy":"post_tag","embeddable":true,"href":"https:\/\/uli-freese.de\/neu\/wp-json\/wp\/v2\/tags?post=345"}],"curies":[{"name":"wp","href":"https:\/\/api.w.org\/{rel}","templated":true}]}}