{"id":3496,"date":"2018-11-21T18:29:19","date_gmt":"2018-11-21T17:29:19","guid":{"rendered":"http:\/\/uli-freese.de\/neu\/?p=3496"},"modified":"2018-11-26T11:31:15","modified_gmt":"2018-11-26T10:31:15","slug":"ig-bce-besuchergruppe-im-bundestag","status":"publish","type":"post","link":"https:\/\/uli-freese.de\/neu\/2018\/11\/21\/ig-bce-besuchergruppe-im-bundestag\/","title":{"rendered":"IG BCE Besuchergruppe im Bundestag"},"content":{"rendered":"<figure id=\"attachment_3497\" aria-describedby=\"caption-attachment-3497\" style=\"width: 1024px\" class=\"wp-caption aligncenter\"><a href=\"http:\/\/uli-freese.de\/neu\/wp-content\/uploads\/2018\/11\/IMG_2355.jpg\"><img loading=\"lazy\" class=\"size-large wp-image-3497\" src=\"http:\/\/uli-freese.de\/neu\/wp-content\/uploads\/2018\/11\/IMG_2355-1024x682.jpg\" alt=\"Besuchergruppe des IG BCE-Bildungszentrums Kagel zu Besuch bei Uli Freese in Berlin\" width=\"1024\" height=\"682\" srcset=\"https:\/\/uli-freese.de\/neu\/wp-content\/uploads\/2018\/11\/IMG_2355-1024x682.jpg 1024w, https:\/\/uli-freese.de\/neu\/wp-content\/uploads\/2018\/11\/IMG_2355-300x200.jpg 300w, https:\/\/uli-freese.de\/neu\/wp-content\/uploads\/2018\/11\/IMG_2355-768x511.jpg 768w, https:\/\/uli-freese.de\/neu\/wp-content\/uploads\/2018\/11\/IMG_2355-830x553.jpg 830w, https:\/\/uli-freese.de\/neu\/wp-content\/uploads\/2018\/11\/IMG_2355-230x153.jpg 230w, https:\/\/uli-freese.de\/neu\/wp-content\/uploads\/2018\/11\/IMG_2355-350x233.jpg 350w, https:\/\/uli-freese.de\/neu\/wp-content\/uploads\/2018\/11\/IMG_2355-480x320.jpg 480w\" sizes=\"(max-width: 1024px) 100vw, 1024px\" \/><\/a><figcaption id=\"caption-attachment-3497\" class=\"wp-caption-text\">Besuchergruppe des IG BCE-Bildungszentrums Kagel zu Besuch bei Uli Freese in Berlin<\/figcaption><\/figure>\n<p>Heute konnte ich eine Besuchergruppe des IG BCE-Bildungszentrums Kagel-M\u00f6llenhorst im Deutschen Bundestag begr\u00fc\u00dfen. In unserer Diskussionsrunde ging es thematisch u.a. um den Strukturwandel in der Lausitz, die ersten Ergebnisse der Bundeskommission Wachstum, Strukturwandel und Besch\u00e4ftigung sowie die bevorstehende Ver\u00f6ffentlichung ihres Berichts sowie die Erwartungen meiner Besucher. Einig waren wir uns beim Thema Kohleausstieg, dass die Frage &#8222;wie&#8220; vor der Frage &#8222;wann&#8220; beantwortet werden muss, denn entscheidend sind Kl\u00e4rung von Versorgungssicherheit, wettbewerbsf\u00e4higer Energiekosten und dem Strukturwandel in den betroffenen Regionen.<\/p>\n","protected":false},"excerpt":{"rendered":"<p>Heute konnte ich eine Besuchergruppe des IG BCE-Bildungszentrums Kagel-M\u00f6llenhorst im Deutschen Bundestag begr\u00fc\u00dfen. In unserer Diskussionsrunde ging es thematisch u.a. um den Strukturwandel in der Lausitz, die ersten Ergebnisse der Bundeskommission Wachstum, Strukturwandel und Besch\u00e4ftigung sowie die bevorstehende Ver\u00f6ffentlichung ihres Berichts sowie die Erwartungen meiner Besucher. Einig waren wir uns beim Thema Kohleausstieg, dass die [&hellip;]<\/p>\n","protected":false},"author":2,"featured_media":0,"comment_status":"closed","ping_status":"closed","sticky":false,"template":"","format":"standard","meta":[],"categories":[3],"tags":[],"_links":{"self":[{"href":"https:\/\/uli-freese.de\/neu\/wp-json\/wp\/v2\/posts\/3496"}],"collection":[{"href":"https:\/\/uli-freese.de\/neu\/wp-json\/wp\/v2\/posts"}],"about":[{"href":"https:\/\/uli-freese.de\/neu\/wp-json\/wp\/v2\/types\/post"}],"author":[{"embeddable":true,"href":"https:\/\/uli-freese.de\/neu\/wp-json\/wp\/v2\/users\/2"}],"replies":[{"embeddable":true,"href":"https:\/\/uli-freese.de\/neu\/wp-json\/wp\/v2\/comments?post=3496"}],"version-history":[{"count":1,"href":"https:\/\/uli-freese.de\/neu\/wp-json\/wp\/v2\/posts\/3496\/revisions"}],"predecessor-version":[{"id":3498,"href":"https:\/\/uli-freese.de\/neu\/wp-json\/wp\/v2\/posts\/3496\/revisions\/3498"}],"wp:attachment":[{"href":"https:\/\/uli-freese.de\/neu\/wp-json\/wp\/v2\/media?parent=3496"}],"wp:term":[{"taxonomy":"category","embeddable":true,"href":"https:\/\/uli-freese.de\/neu\/wp-json\/wp\/v2\/categories?post=3496"},{"taxonomy":"post_tag","embeddable":true,"href":"https:\/\/uli-freese.de\/neu\/wp-json\/wp\/v2\/tags?post=3496"}],"curies":[{"name":"wp","href":"https:\/\/api.w.org\/{rel}","templated":true}]}}