{"id":3510,"date":"2018-12-05T16:16:40","date_gmt":"2018-12-05T15:16:40","guid":{"rendered":"http:\/\/uli-freese.de\/neu\/?p=3510"},"modified":"2018-12-07T14:20:17","modified_gmt":"2018-12-07T13:20:17","slug":"500-besucherin-2018-bei-mir-im-bundestag","status":"publish","type":"post","link":"https:\/\/uli-freese.de\/neu\/2018\/12\/05\/500-besucherin-2018-bei-mir-im-bundestag\/","title":{"rendered":"500. Besucherin 2018 bei mir im Bundestag"},"content":{"rendered":"<figure id=\"attachment_3511\" aria-describedby=\"caption-attachment-3511\" style=\"width: 1024px\" class=\"wp-caption aligncenter\"><a href=\"http:\/\/uli-freese.de\/neu\/wp-content\/uploads\/2018\/12\/IMG_0565.jpg\"><img loading=\"lazy\" class=\"size-large wp-image-3511\" src=\"http:\/\/uli-freese.de\/neu\/wp-content\/uploads\/2018\/12\/IMG_0565-1024x683.jpg\" alt=\"Barbara Schatter aus Spremberg war die 500. Besucherin im Jahr 2018 \" width=\"1024\" height=\"683\" srcset=\"https:\/\/uli-freese.de\/neu\/wp-content\/uploads\/2018\/12\/IMG_0565-1024x683.jpg 1024w, https:\/\/uli-freese.de\/neu\/wp-content\/uploads\/2018\/12\/IMG_0565-300x200.jpg 300w, https:\/\/uli-freese.de\/neu\/wp-content\/uploads\/2018\/12\/IMG_0565-768x512.jpg 768w, https:\/\/uli-freese.de\/neu\/wp-content\/uploads\/2018\/12\/IMG_0565-830x553.jpg 830w, https:\/\/uli-freese.de\/neu\/wp-content\/uploads\/2018\/12\/IMG_0565-230x153.jpg 230w, https:\/\/uli-freese.de\/neu\/wp-content\/uploads\/2018\/12\/IMG_0565-350x233.jpg 350w, https:\/\/uli-freese.de\/neu\/wp-content\/uploads\/2018\/12\/IMG_0565-480x320.jpg 480w, https:\/\/uli-freese.de\/neu\/wp-content\/uploads\/2018\/12\/IMG_0565.jpg 1620w\" sizes=\"(max-width: 1024px) 100vw, 1024px\" \/><\/a><figcaption id=\"caption-attachment-3511\" class=\"wp-caption-text\">Barbara Schatter aus Spremberg war die 500. Besucherin im Jahr 2018<\/figcaption><\/figure>\n<p>Am Mittwoch habe ich eine Mitreisende aus der Bundespresseamtfahrt-Gruppe mit einem kleinen Pr\u00e4sent \u00fcberrascht. Barbara Schatter aus Spremberg war in diesem Jahr 500. Gast bei mir in Berlin. Da ich diese kleinen Jubil\u00e4en immer gerne feiere, gab es f\u00fcr Frau Schatter ein Genuss-Pr\u00e4sent inklusive spannender Lekt\u00fcre \u00fcber den Bundestag. Ich hoffe, f\u00fcr Frau Schatter, die anderen 40 Besucherinnen und Besucher dieser Gruppe sowie alle anderen 559 diesj\u00e4hrigen Besucher haben viele interessante Eindr\u00fccke aus der Hauptstadt zur\u00fcck mit in den Wahlkreis genommen.<\/p>\n<p>Ein Beitrag zum zweit\u00e4tigen Besuch der BPA-Gruppe mit vielen Fotos erscheint in K\u00fcrze auf meiner Homepage und bei Facebook.<\/p>\n","protected":false},"excerpt":{"rendered":"<p>Am Mittwoch habe ich eine Mitreisende aus der Bundespresseamtfahrt-Gruppe mit einem kleinen Pr\u00e4sent \u00fcberrascht. Barbara Schatter aus Spremberg war in diesem Jahr 500. Gast bei mir in Berlin. Da ich diese kleinen Jubil\u00e4en immer gerne feiere, gab es f\u00fcr Frau Schatter ein Genuss-Pr\u00e4sent inklusive spannender Lekt\u00fcre \u00fcber den Bundestag. Ich hoffe, f\u00fcr Frau Schatter, die [&hellip;]<\/p>\n","protected":false},"author":2,"featured_media":0,"comment_status":"closed","ping_status":"closed","sticky":false,"template":"","format":"standard","meta":[],"categories":[3],"tags":[],"_links":{"self":[{"href":"https:\/\/uli-freese.de\/neu\/wp-json\/wp\/v2\/posts\/3510"}],"collection":[{"href":"https:\/\/uli-freese.de\/neu\/wp-json\/wp\/v2\/posts"}],"about":[{"href":"https:\/\/uli-freese.de\/neu\/wp-json\/wp\/v2\/types\/post"}],"author":[{"embeddable":true,"href":"https:\/\/uli-freese.de\/neu\/wp-json\/wp\/v2\/users\/2"}],"replies":[{"embeddable":true,"href":"https:\/\/uli-freese.de\/neu\/wp-json\/wp\/v2\/comments?post=3510"}],"version-history":[{"count":3,"href":"https:\/\/uli-freese.de\/neu\/wp-json\/wp\/v2\/posts\/3510\/revisions"}],"predecessor-version":[{"id":3516,"href":"https:\/\/uli-freese.de\/neu\/wp-json\/wp\/v2\/posts\/3510\/revisions\/3516"}],"wp:attachment":[{"href":"https:\/\/uli-freese.de\/neu\/wp-json\/wp\/v2\/media?parent=3510"}],"wp:term":[{"taxonomy":"category","embeddable":true,"href":"https:\/\/uli-freese.de\/neu\/wp-json\/wp\/v2\/categories?post=3510"},{"taxonomy":"post_tag","embeddable":true,"href":"https:\/\/uli-freese.de\/neu\/wp-json\/wp\/v2\/tags?post=3510"}],"curies":[{"name":"wp","href":"https:\/\/api.w.org\/{rel}","templated":true}]}}