{"id":3522,"date":"2018-12-09T13:20:45","date_gmt":"2018-12-09T12:20:45","guid":{"rendered":"http:\/\/uli-freese.de\/neu\/?p=3522"},"modified":"2018-12-09T13:20:45","modified_gmt":"2018-12-09T12:20:45","slug":"wichtige-verzahnung-von-kommunal-landes-und-bundespolitik","status":"publish","type":"post","link":"https:\/\/uli-freese.de\/neu\/2018\/12\/09\/wichtige-verzahnung-von-kommunal-landes-und-bundespolitik\/","title":{"rendered":"Wichtige Verzahnung von Kommunal-, Landes- und Bundespolitik"},"content":{"rendered":"<figure id=\"attachment_3523\" aria-describedby=\"caption-attachment-3523\" style=\"width: 960px\" class=\"wp-caption aligncenter\"><a href=\"http:\/\/uli-freese.de\/neu\/wp-content\/uploads\/2018\/12\/33676434_1914911668520088_911974633870196736_n.jpg\"><img loading=\"lazy\" class=\"size-full wp-image-3523\" src=\"http:\/\/uli-freese.de\/neu\/wp-content\/uploads\/2018\/12\/33676434_1914911668520088_911974633870196736_n.jpg\" alt=\"Archiv-Foto: Fraktionsklausur im Mai 2018 im Waldhotel Roggosen. \" width=\"960\" height=\"720\" srcset=\"https:\/\/uli-freese.de\/neu\/wp-content\/uploads\/2018\/12\/33676434_1914911668520088_911974633870196736_n.jpg 960w, https:\/\/uli-freese.de\/neu\/wp-content\/uploads\/2018\/12\/33676434_1914911668520088_911974633870196736_n-300x225.jpg 300w, https:\/\/uli-freese.de\/neu\/wp-content\/uploads\/2018\/12\/33676434_1914911668520088_911974633870196736_n-768x576.jpg 768w, https:\/\/uli-freese.de\/neu\/wp-content\/uploads\/2018\/12\/33676434_1914911668520088_911974633870196736_n-830x623.jpg 830w, https:\/\/uli-freese.de\/neu\/wp-content\/uploads\/2018\/12\/33676434_1914911668520088_911974633870196736_n-230x173.jpg 230w, https:\/\/uli-freese.de\/neu\/wp-content\/uploads\/2018\/12\/33676434_1914911668520088_911974633870196736_n-350x263.jpg 350w, https:\/\/uli-freese.de\/neu\/wp-content\/uploads\/2018\/12\/33676434_1914911668520088_911974633870196736_n-480x360.jpg 480w\" sizes=\"(max-width: 960px) 100vw, 960px\" \/><\/a><figcaption id=\"caption-attachment-3523\" class=\"wp-caption-text\">Archiv-Foto: Fraktionsklausur im Mai 2018 im Waldhotel Roggosen.<\/figcaption><\/figure>\n<p>Freitag und Samstag fand die letzte Klausurtagung der SPD-Kreistagsfraktion Spree-Nei\u00dfe statt, an der ich wiederum gerne als MdB teilgenommen habe. Die Verzahnung von Kommunal-, Landes- und Bundespolitik ist ein wichtiger Baustein um erfolgreich f\u00fcr die Menschen meiner Region der Lausitz arbeiten zu k\u00f6nnen.<\/p>\n<p>Im Mittelpunkt und auf der Tagesordnung stand nat\u00fcrlich die strukturelle Entwicklung in Anbetracht der Klima- und Energiepolitik, aber auch die Entwicklung einer l\u00e4ndlichen Region, die auf ein gutes Zusammenspiel von St\u00e4dten und D\u00f6rfern angewiesen ist.<\/p>\n<p>Einhellig wurde das Engagement des sozialdemokratischen Ministerpr\u00e4sidenten Dietmar Woidke in der Kommission Wachstum, strukturelle Entwicklung und Besch\u00e4ftigung auf Bundesebene gelobt und die Erwartung unterstrichen, dass das LEAG-Revierkonzept Grundlage der Entscheidung der Kommission, aber am Ende des Bundestages, sein wird.<\/p>\n<p>Zum Thema Entwicklung l\u00e4ndlicher R\u00e4ume habe ich auf die eingesetzte Kommission \u201egleichwertige Lebensbedingungen\u201c und auf die zus\u00e4tzlichen Haushaltsmittel zum Thema Entwicklung l\u00e4ndlicher R\u00e4ume hingewiesen, und es f\u00fcr zwingend erforderlich erachtet, dass der Landkreis Spree-Nei\u00dfe entsprechende Planungen und Forderungen aufstellt, die auch aus dem Bundesprogramm heraus finanziert werden k\u00f6nnen.<\/p>\n<p>Das Thema Verkehrsberuhigung B169 stand auch im Mittelpunkt der Diskussionen. Hier habe ich meine Forderung erneuert, dass die Landkreise OSL und SPN in Verbindung mit der Stadt Cottbus die Gerichtsentscheidungen zugunsten der B\u00fcrger hauptverantwortlich unverz\u00fcglich umsetzen sollten.<\/p>\n","protected":false},"excerpt":{"rendered":"<p>Freitag und Samstag fand die letzte Klausurtagung der SPD-Kreistagsfraktion Spree-Nei\u00dfe statt, an der ich wiederum gerne als MdB teilgenommen habe. Die Verzahnung von Kommunal-, Landes- und Bundespolitik ist ein wichtiger Baustein um erfolgreich f\u00fcr die Menschen meiner Region der Lausitz arbeiten zu k\u00f6nnen. Im Mittelpunkt und auf der Tagesordnung stand nat\u00fcrlich die strukturelle Entwicklung in [&hellip;]<\/p>\n","protected":false},"author":2,"featured_media":0,"comment_status":"closed","ping_status":"closed","sticky":false,"template":"","format":"standard","meta":[],"categories":[3],"tags":[],"_links":{"self":[{"href":"https:\/\/uli-freese.de\/neu\/wp-json\/wp\/v2\/posts\/3522"}],"collection":[{"href":"https:\/\/uli-freese.de\/neu\/wp-json\/wp\/v2\/posts"}],"about":[{"href":"https:\/\/uli-freese.de\/neu\/wp-json\/wp\/v2\/types\/post"}],"author":[{"embeddable":true,"href":"https:\/\/uli-freese.de\/neu\/wp-json\/wp\/v2\/users\/2"}],"replies":[{"embeddable":true,"href":"https:\/\/uli-freese.de\/neu\/wp-json\/wp\/v2\/comments?post=3522"}],"version-history":[{"count":1,"href":"https:\/\/uli-freese.de\/neu\/wp-json\/wp\/v2\/posts\/3522\/revisions"}],"predecessor-version":[{"id":3524,"href":"https:\/\/uli-freese.de\/neu\/wp-json\/wp\/v2\/posts\/3522\/revisions\/3524"}],"wp:attachment":[{"href":"https:\/\/uli-freese.de\/neu\/wp-json\/wp\/v2\/media?parent=3522"}],"wp:term":[{"taxonomy":"category","embeddable":true,"href":"https:\/\/uli-freese.de\/neu\/wp-json\/wp\/v2\/categories?post=3522"},{"taxonomy":"post_tag","embeddable":true,"href":"https:\/\/uli-freese.de\/neu\/wp-json\/wp\/v2\/tags?post=3522"}],"curies":[{"name":"wp","href":"https:\/\/api.w.org\/{rel}","templated":true}]}}