{"id":3689,"date":"2019-03-20T17:09:48","date_gmt":"2019-03-20T16:09:48","guid":{"rendered":"http:\/\/uli-freese.de\/neu\/?p=3689"},"modified":"2019-03-20T17:15:57","modified_gmt":"2019-03-20T16:15:57","slug":"pm-wir-brauchen-flaechendeckende-und-leistungsfaehige-mobilfunknetze","status":"publish","type":"post","link":"https:\/\/uli-freese.de\/neu\/2019\/03\/20\/pm-wir-brauchen-flaechendeckende-und-leistungsfaehige-mobilfunknetze\/","title":{"rendered":"PM: Wir brauchen fl\u00e4chendeckende und leistungsf\u00e4hige Mobilfunknetze"},"content":{"rendered":"<figure id=\"attachment_3690\" aria-describedby=\"caption-attachment-3690\" style=\"width: 1024px\" class=\"wp-caption aligncenter\"><a href=\"http:\/\/uli-freese.de\/neu\/wp-content\/uploads\/2019\/03\/radio-masts-600837_1920.jpg\"><img loading=\"lazy\" class=\"size-large wp-image-3690\" src=\"http:\/\/uli-freese.de\/neu\/wp-content\/uploads\/2019\/03\/radio-masts-600837_1920-1024x683.jpg\" alt=\"\" width=\"1024\" height=\"683\" srcset=\"https:\/\/uli-freese.de\/neu\/wp-content\/uploads\/2019\/03\/radio-masts-600837_1920-1024x683.jpg 1024w, https:\/\/uli-freese.de\/neu\/wp-content\/uploads\/2019\/03\/radio-masts-600837_1920-300x200.jpg 300w, https:\/\/uli-freese.de\/neu\/wp-content\/uploads\/2019\/03\/radio-masts-600837_1920-768x512.jpg 768w, https:\/\/uli-freese.de\/neu\/wp-content\/uploads\/2019\/03\/radio-masts-600837_1920-830x553.jpg 830w, https:\/\/uli-freese.de\/neu\/wp-content\/uploads\/2019\/03\/radio-masts-600837_1920-230x153.jpg 230w, https:\/\/uli-freese.de\/neu\/wp-content\/uploads\/2019\/03\/radio-masts-600837_1920-350x233.jpg 350w, https:\/\/uli-freese.de\/neu\/wp-content\/uploads\/2019\/03\/radio-masts-600837_1920-480x320.jpg 480w, https:\/\/uli-freese.de\/neu\/wp-content\/uploads\/2019\/03\/radio-masts-600837_1920.jpg 1920w\" sizes=\"(max-width: 1024px) 100vw, 1024px\" \/><\/a><figcaption id=\"caption-attachment-3690\" class=\"wp-caption-text\">(Foto: Pixabay)<\/figcaption><\/figure>\n<p>Cottbus\/Berlin. <strong>&#8222;Wir alle \u00e4rgern uns Tag f\u00fcr Tag \u00fcber Funkl\u00f6cher, das nehme ich bei meinen Fahrten durch den Wahlkreis Cottbus\/Spree-Nei\u00dfe selber immer wieder wahr. Immer wieder h\u00f6re ich bei Gespr\u00e4chen von Funkl\u00f6chern, von abbrechenden Telefonverbindungen und einem langsamen mobilen Netz. Diese Funkl\u00f6cher m\u00fcssen endlich geschlossen werden&#8220;<\/strong>, so der Lausitzer Bundestagsabgeordnete Ulrich Freese.<\/p>\n<p><strong>Die SPD-Bundestagsfraktion fordert deshalb ein F\u00f6rderprogramm Mobilfunk. <\/strong>Mit den Vorschl\u00e4gen der Sozialdemokratie sollen diese &#8222;wei\u00dfen Flecken&#8220;, in denen sich der Netzausbau finanziell nicht rentiert, erschlossen werden. Dort wo der Marktausbau versagt, muss der Staat eingreifen und f\u00fcr die Infrastruktur sorgen. St\u00e4dte und Gemeinden sollen mit dem Programm unterst\u00fctzt werden um eigene Infrastrukturgesellschaften zu gr\u00fcnden. Die Kommunen k\u00f6nnen dann dort Mobilfunkmasten aufstellen, wo sie gebraucht werden &#8211; und die von den Anbietern genutzt werden m\u00fcssen.<\/p>\n<p><a href=\"http:\/\/uli-freese.de\/neu\/wp-content\/uploads\/2018\/01\/Uli-Freese-WP19-__Foto_c-Deutscher-Bundestag-Thomas-Trutschel-photothek.net-D.jpg\"><img loading=\"lazy\" class=\"size-medium wp-image-1718\" src=\"http:\/\/uli-freese.de\/neu\/wp-content\/uploads\/2018\/01\/Uli-Freese-WP19-__Foto_c-Deutscher-Bundestag-Thomas-Trutschel-photothek.net-D-300x211.jpg\" alt=\"\" width=\"300\" height=\"211\"><\/a><\/p>\n<p>Das sind Bausteine des j\u00fcngst beschlossenen Positionspapiers &#8222;Unser Ziel sind fl\u00e4chendeckende und leistungsf\u00e4hige Mobilfunknetze &#8211; unser Beitrag zu einem Gesamtkonzept Mobil-funk&#8220; in der SPD-Bundestagsfraktion. &#8222;Wir wollen konkrete Ma\u00dfnahmen und Instrumente, die wirken. Nur weil es sich f\u00fcr die Betreiber von Mobilfunknetzen nicht lohnt, wollen wir die Funkl\u00f6cher bei uns nicht l\u00e4nger als gegeben hinnehmen. Wir brauchen schnelles, mobiles Internet an jeder Milchkanne. Das hei\u00dft nicht nur in der eigenen Wohnung, sondern auch entlang von Stra\u00dfen und Bahnstrecken. Das wollen wir \u00e4ndern und daf\u00fcr die rechtlichen Rahmenbedingungen neu gestalten&#8220;, berichtet Ulrich Freese.<\/p>\n<p><strong>Im Positionspapier fordert die SPD-Bundestagsfraktion au\u00dferdem Infrastruktursharing und lokales Roaming<\/strong>, das hei\u00dft, dass Anbieter fremde Masten und Netze mitnutzen k\u00f6nnen. Das verhindert teure Parallelinfrastrukturen und verbessert den Netzausbau auch in d\u00fcnn besiedelten Regionen. Wir wollen \u00fcberall gleichwertige Lebensbedingungen schaffen.<\/p>\n<p>Mit der inzwischen begonnenen Versteigerung ist auch gesichert, dass ab Sommer 2019 die lokalen Frequenzen f\u00fcr autonome Industrienetze im Bereich 3,7-3,8 GHz vergeben werden k\u00f6nnen.<\/p>\n<p><em>Das Positionspapier ist auf folgender Seite abrufbar: <a href=\"https:\/\/www.spdfraktion.de\/system\/files\/documents\/positionspapier_mobilfunk_spd_2019_03.pdf\" target=\"_blank\" rel=\"noopener noreferrer\">www.spd-fraktion.de<\/a><\/em><\/p>\n<p>&nbsp;<\/p>\n<p>&nbsp;<\/p>\n<p>&nbsp;<\/p>\n","protected":false},"excerpt":{"rendered":"<p>Cottbus\/Berlin. &#8222;Wir alle \u00e4rgern uns Tag f\u00fcr Tag \u00fcber Funkl\u00f6cher, das nehme ich bei meinen Fahrten durch den Wahlkreis Cottbus\/Spree-Nei\u00dfe selber immer wieder wahr. Immer wieder h\u00f6re ich bei Gespr\u00e4chen von Funkl\u00f6chern, von abbrechenden Telefonverbindungen und einem langsamen mobilen Netz. Diese Funkl\u00f6cher m\u00fcssen endlich geschlossen werden&#8220;, so der Lausitzer Bundestagsabgeordnete Ulrich Freese. Die SPD-Bundestagsfraktion fordert [&hellip;]<\/p>\n","protected":false},"author":2,"featured_media":0,"comment_status":"closed","ping_status":"closed","sticky":false,"template":"","format":"standard","meta":[],"categories":[5],"tags":[],"_links":{"self":[{"href":"https:\/\/uli-freese.de\/neu\/wp-json\/wp\/v2\/posts\/3689"}],"collection":[{"href":"https:\/\/uli-freese.de\/neu\/wp-json\/wp\/v2\/posts"}],"about":[{"href":"https:\/\/uli-freese.de\/neu\/wp-json\/wp\/v2\/types\/post"}],"author":[{"embeddable":true,"href":"https:\/\/uli-freese.de\/neu\/wp-json\/wp\/v2\/users\/2"}],"replies":[{"embeddable":true,"href":"https:\/\/uli-freese.de\/neu\/wp-json\/wp\/v2\/comments?post=3689"}],"version-history":[{"count":2,"href":"https:\/\/uli-freese.de\/neu\/wp-json\/wp\/v2\/posts\/3689\/revisions"}],"predecessor-version":[{"id":3692,"href":"https:\/\/uli-freese.de\/neu\/wp-json\/wp\/v2\/posts\/3689\/revisions\/3692"}],"wp:attachment":[{"href":"https:\/\/uli-freese.de\/neu\/wp-json\/wp\/v2\/media?parent=3689"}],"wp:term":[{"taxonomy":"category","embeddable":true,"href":"https:\/\/uli-freese.de\/neu\/wp-json\/wp\/v2\/categories?post=3689"},{"taxonomy":"post_tag","embeddable":true,"href":"https:\/\/uli-freese.de\/neu\/wp-json\/wp\/v2\/tags?post=3689"}],"curies":[{"name":"wp","href":"https:\/\/api.w.org\/{rel}","templated":true}]}}