{"id":3733,"date":"2019-04-10T10:18:09","date_gmt":"2019-04-10T08:18:09","guid":{"rendered":"http:\/\/uli-freese.de\/neu\/?p=3733"},"modified":"2019-04-10T15:22:20","modified_gmt":"2019-04-10T13:22:20","slug":"lr-mehr-arbeitsplaetze-fuer-die-cottbuser-minijob-zentrale","status":"publish","type":"post","link":"https:\/\/uli-freese.de\/neu\/2019\/04\/10\/lr-mehr-arbeitsplaetze-fuer-die-cottbuser-minijob-zentrale\/","title":{"rendered":"LR: &#8222;Mehr Arbeitspl\u00e4tze f\u00fcr die Cottbuser Minijob-Zentrale&#8220;"},"content":{"rendered":"<p>Rundschau-Chefredakteur Oliver Haustein-Te\u00dfmer schreibt heute in der Rundschau \u00fcber neue Arbeitspl\u00e4tze f\u00fcr die Lausitz in der Minijob-Zentrale als Ausgleich f\u00fcr den Kohleausstieg. Nach LR-Informationen k\u00f6nnten so bis zu 500 neue Arbeitspl\u00e4tze entstehen:<\/p>\n<blockquote><p>\u201eEs war schon beim Aufbau der Minijob-Zentrale die \u00dcberlegung, F\u00fchrungskr\u00e4fte sowie das Rechenzentrum samt Informatikern nach Cottbus zu holen. Jetzt ist die Zeit gekommen, das in Cottbus zu etablieren\u201c, sagte Ulrich Freese (SPD). Der Bundestagsabgeordnete aus\u00a0Spremberg\u00a0war von 2005 bis 2014 ehrenamtlicher Vorstandschef der Knappschaft.<\/p><\/blockquote>\n<p>Den kompletten Artikel lesen Sie <a href=\"https:\/\/www.lr-online.de\/lausitz\/cottbus\/cottbus-bei-minijob-zentrale-sollen-500-neue-arbeitsplaetze-entstehen_aid-37969019\" target=\"_blank\" rel=\"noopener noreferrer\">bei LR-Online<\/a><\/p>\n","protected":false},"excerpt":{"rendered":"<p>Rundschau-Chefredakteur Oliver Haustein-Te\u00dfmer schreibt heute in der Rundschau \u00fcber neue Arbeitspl\u00e4tze f\u00fcr die Lausitz in der Minijob-Zentrale als Ausgleich f\u00fcr den Kohleausstieg. Nach LR-Informationen k\u00f6nnten so bis zu 500 neue Arbeitspl\u00e4tze entstehen: \u201eEs war schon beim Aufbau der Minijob-Zentrale die \u00dcberlegung, F\u00fchrungskr\u00e4fte sowie das Rechenzentrum samt Informatikern nach Cottbus zu holen. Jetzt ist die Zeit [&hellip;]<\/p>\n","protected":false},"author":2,"featured_media":0,"comment_status":"closed","ping_status":"closed","sticky":false,"template":"","format":"standard","meta":[],"categories":[5],"tags":[],"_links":{"self":[{"href":"https:\/\/uli-freese.de\/neu\/wp-json\/wp\/v2\/posts\/3733"}],"collection":[{"href":"https:\/\/uli-freese.de\/neu\/wp-json\/wp\/v2\/posts"}],"about":[{"href":"https:\/\/uli-freese.de\/neu\/wp-json\/wp\/v2\/types\/post"}],"author":[{"embeddable":true,"href":"https:\/\/uli-freese.de\/neu\/wp-json\/wp\/v2\/users\/2"}],"replies":[{"embeddable":true,"href":"https:\/\/uli-freese.de\/neu\/wp-json\/wp\/v2\/comments?post=3733"}],"version-history":[{"count":3,"href":"https:\/\/uli-freese.de\/neu\/wp-json\/wp\/v2\/posts\/3733\/revisions"}],"predecessor-version":[{"id":3736,"href":"https:\/\/uli-freese.de\/neu\/wp-json\/wp\/v2\/posts\/3733\/revisions\/3736"}],"wp:attachment":[{"href":"https:\/\/uli-freese.de\/neu\/wp-json\/wp\/v2\/media?parent=3733"}],"wp:term":[{"taxonomy":"category","embeddable":true,"href":"https:\/\/uli-freese.de\/neu\/wp-json\/wp\/v2\/categories?post=3733"},{"taxonomy":"post_tag","embeddable":true,"href":"https:\/\/uli-freese.de\/neu\/wp-json\/wp\/v2\/tags?post=3733"}],"curies":[{"name":"wp","href":"https:\/\/api.w.org\/{rel}","templated":true}]}}