{"id":3855,"date":"2019-05-20T16:02:12","date_gmt":"2019-05-20T14:02:12","guid":{"rendered":"http:\/\/uli-freese.de\/neu\/?p=3855"},"modified":"2019-05-22T16:13:47","modified_gmt":"2019-05-22T14:13:47","slug":"know-how-transfer-der-wirtschaftsjunioren-eine-woche-interessanter-einblicke","status":"publish","type":"post","link":"https:\/\/uli-freese.de\/neu\/2019\/05\/20\/know-how-transfer-der-wirtschaftsjunioren-eine-woche-interessanter-einblicke\/","title":{"rendered":"Know-how-Transfer: Eine Woche interessanter Einblicke"},"content":{"rendered":"<p><img loading=\"lazy\" class=\"aligncenter size-large wp-image-3856\" src=\"http:\/\/uli-freese.de\/neu\/wp-content\/uploads\/2019\/05\/IMG_3440-1024x683.jpg\" alt=\"\" width=\"1024\" height=\"683\" srcset=\"https:\/\/uli-freese.de\/neu\/wp-content\/uploads\/2019\/05\/IMG_3440-1024x683.jpg 1024w, https:\/\/uli-freese.de\/neu\/wp-content\/uploads\/2019\/05\/IMG_3440-300x200.jpg 300w, https:\/\/uli-freese.de\/neu\/wp-content\/uploads\/2019\/05\/IMG_3440-768x512.jpg 768w, https:\/\/uli-freese.de\/neu\/wp-content\/uploads\/2019\/05\/IMG_3440-830x553.jpg 830w, https:\/\/uli-freese.de\/neu\/wp-content\/uploads\/2019\/05\/IMG_3440-230x153.jpg 230w, https:\/\/uli-freese.de\/neu\/wp-content\/uploads\/2019\/05\/IMG_3440-350x233.jpg 350w, https:\/\/uli-freese.de\/neu\/wp-content\/uploads\/2019\/05\/IMG_3440-480x320.jpg 480w\" sizes=\"(max-width: 1024px) 100vw, 1024px\" \/><\/p>\n<p>In der vergangenen Woche fand der diesj\u00e4hrige Know-how-Transfer der <span class=\"_5afx\"><span class=\"_58cm\">Wirtschaftsjunioren<\/span><\/span> Deutschland mit dem Deutschen Bundestag statt. Ich war in diesem Jahr Mentor von Robert Pape aus Brandenburg\/Havel. Er ist Gesch\u00e4ftsf\u00fchrer und Gr\u00fcnder des Pflegedienstes Geschwister Pape GmbH.<\/p>\n<p>Am Freitag ging eine spannende Woche zu Ende, die auch Robert Pape interessante Einblicke gew\u00e4hrte:<\/p>\n<blockquote><p>&#8222;Ich fand es sehr interessant, unter anderem die Kohleausstiegsdebatte zu verfolgen. Ich setze mich f\u00fcr Umwelt- und Naturschutz ein, jedoch erst bei den umfangreichen Diskussionen merkt man, wie komplex das Thema ist. Ich habe nicht nur einen Einblick in die wirtschaftliche Bedeutung und die damit verbundene drohende Wirtschaftsstagnation bekommen, sondern auch die Sorgen der Menschen aus den vom Kohleausstieg betroffenen Regionen besser verstanden. Ich habe in vielen Themenbereichen gemerkt, dass noch sehr viel daran h\u00e4ngt, wo es man im Alltag gar nicht denkt. Ich sch\u00e4tze sehr, dass sich Uli Freese f\u00fcr Menschen einsetzt. Daf\u00fcr, dass sie eine entsprechende Verg\u00fctung bekommen sowie dass die Arbeitnehmer trotz des kommenden Ende der Kohleverstromung die notwendige Sicherheit haben. Bei Uli Freese und seinem Team m\u00f6chte ich mich f\u00fcr diese belehrende Woche herzlich bedanken.&#8220;<\/p>\n<p>(Wirtschaftsjunior Robert Pape \u00fcber den Know-How-Transfer 2019)<\/p><\/blockquote>\n<figure id=\"attachment_3830\" aria-describedby=\"caption-attachment-3830\" style=\"width: 1024px\" class=\"wp-caption aligncenter\"><img loading=\"lazy\" class=\"size-large wp-image-3830\" src=\"http:\/\/uli-freese.de\/neu\/wp-content\/uploads\/2019\/05\/20190514-Hubertus-Heil-Uli-Freese-Wirtschaftsjunior-Thema-Pflege-1024x768.jpeg\" alt=\"\" width=\"1024\" height=\"768\" srcset=\"https:\/\/uli-freese.de\/neu\/wp-content\/uploads\/2019\/05\/20190514-Hubertus-Heil-Uli-Freese-Wirtschaftsjunior-Thema-Pflege.jpeg 1024w, https:\/\/uli-freese.de\/neu\/wp-content\/uploads\/2019\/05\/20190514-Hubertus-Heil-Uli-Freese-Wirtschaftsjunior-Thema-Pflege-300x225.jpeg 300w, https:\/\/uli-freese.de\/neu\/wp-content\/uploads\/2019\/05\/20190514-Hubertus-Heil-Uli-Freese-Wirtschaftsjunior-Thema-Pflege-768x576.jpeg 768w, https:\/\/uli-freese.de\/neu\/wp-content\/uploads\/2019\/05\/20190514-Hubertus-Heil-Uli-Freese-Wirtschaftsjunior-Thema-Pflege-830x623.jpeg 830w, https:\/\/uli-freese.de\/neu\/wp-content\/uploads\/2019\/05\/20190514-Hubertus-Heil-Uli-Freese-Wirtschaftsjunior-Thema-Pflege-230x173.jpeg 230w, https:\/\/uli-freese.de\/neu\/wp-content\/uploads\/2019\/05\/20190514-Hubertus-Heil-Uli-Freese-Wirtschaftsjunior-Thema-Pflege-350x263.jpeg 350w, https:\/\/uli-freese.de\/neu\/wp-content\/uploads\/2019\/05\/20190514-Hubertus-Heil-Uli-Freese-Wirtschaftsjunior-Thema-Pflege-480x360.jpeg 480w\" sizes=\"(max-width: 1024px) 100vw, 1024px\" \/><figcaption id=\"caption-attachment-3830\" class=\"wp-caption-text\">Hubertus Heil, Robert Pape und Uli Freese beim Seeheimer Mittagstisch am 14. Mai 2019<\/figcaption><\/figure>\n<p>Auch ich m\u00f6chte mich bei Robert Pape f\u00fcr die gemeinsame Woche bedanken und freue mich auf ein Wiedersehen, in seinen Betrieb wurde ich bereits eingeladen. Dann vielleicht gemeinsam mit Minister Hubertus Heil, denn den hat Herr Pape gleicht mit eingeladen, um ihn in einem Praxisbeispiel zu zeigen, dass selbst ein junges\u00a0 <a href=\"http:\/\/uli-freese.de\/neu\/2019\/05\/14\/minister-heil-lobt-positives-beispiel-der-pflegebranche\/\">Pflegeunternehmen aus der Privatwirtschaft es schafft nach Tarif zu bezahlen<\/a>.<\/p>\n","protected":false},"excerpt":{"rendered":"<p>In der vergangenen Woche fand der diesj\u00e4hrige Know-how-Transfer der Wirtschaftsjunioren Deutschland mit dem Deutschen Bundestag statt. Ich war in diesem Jahr Mentor von Robert Pape aus Brandenburg\/Havel. Er ist Gesch\u00e4ftsf\u00fchrer und Gr\u00fcnder des Pflegedienstes Geschwister Pape GmbH. Am Freitag ging eine spannende Woche zu Ende, die auch Robert Pape interessante Einblicke gew\u00e4hrte: &#8222;Ich fand es [&hellip;]<\/p>\n","protected":false},"author":2,"featured_media":0,"comment_status":"closed","ping_status":"closed","sticky":false,"template":"","format":"standard","meta":[],"categories":[3],"tags":[],"_links":{"self":[{"href":"https:\/\/uli-freese.de\/neu\/wp-json\/wp\/v2\/posts\/3855"}],"collection":[{"href":"https:\/\/uli-freese.de\/neu\/wp-json\/wp\/v2\/posts"}],"about":[{"href":"https:\/\/uli-freese.de\/neu\/wp-json\/wp\/v2\/types\/post"}],"author":[{"embeddable":true,"href":"https:\/\/uli-freese.de\/neu\/wp-json\/wp\/v2\/users\/2"}],"replies":[{"embeddable":true,"href":"https:\/\/uli-freese.de\/neu\/wp-json\/wp\/v2\/comments?post=3855"}],"version-history":[{"count":5,"href":"https:\/\/uli-freese.de\/neu\/wp-json\/wp\/v2\/posts\/3855\/revisions"}],"predecessor-version":[{"id":3861,"href":"https:\/\/uli-freese.de\/neu\/wp-json\/wp\/v2\/posts\/3855\/revisions\/3861"}],"wp:attachment":[{"href":"https:\/\/uli-freese.de\/neu\/wp-json\/wp\/v2\/media?parent=3855"}],"wp:term":[{"taxonomy":"category","embeddable":true,"href":"https:\/\/uli-freese.de\/neu\/wp-json\/wp\/v2\/categories?post=3855"},{"taxonomy":"post_tag","embeddable":true,"href":"https:\/\/uli-freese.de\/neu\/wp-json\/wp\/v2\/tags?post=3855"}],"curies":[{"name":"wp","href":"https:\/\/api.w.org\/{rel}","templated":true}]}}