{"id":4279,"date":"2019-11-13T12:38:57","date_gmt":"2019-11-13T11:38:57","guid":{"rendered":"http:\/\/uli-freese.de\/neu\/?p=4279"},"modified":"2019-11-15T10:13:47","modified_gmt":"2019-11-15T09:13:47","slug":"teslas-gigafactory-kommt-nach-brandenburg","status":"publish","type":"post","link":"https:\/\/uli-freese.de\/neu\/2019\/11\/13\/teslas-gigafactory-kommt-nach-brandenburg\/","title":{"rendered":"Teslas Gigafactory kommt nach Brandenburg"},"content":{"rendered":"<figure id=\"attachment_3756\" aria-describedby=\"caption-attachment-3756\" style=\"width: 1024px\" class=\"wp-caption aligncenter\"><img loading=\"lazy\" class=\"size-large wp-image-3756\" src=\"http:\/\/uli-freese.de\/neu\/wp-content\/uploads\/2019\/04\/WelcomeTesla_Lausitzring2_1200-1024x683.jpg\" alt=\"\" width=\"1024\" height=\"683\" srcset=\"https:\/\/uli-freese.de\/neu\/wp-content\/uploads\/2019\/04\/WelcomeTesla_Lausitzring2_1200-1024x683.jpg 1024w, https:\/\/uli-freese.de\/neu\/wp-content\/uploads\/2019\/04\/WelcomeTesla_Lausitzring2_1200-300x200.jpg 300w, https:\/\/uli-freese.de\/neu\/wp-content\/uploads\/2019\/04\/WelcomeTesla_Lausitzring2_1200-768x512.jpg 768w, https:\/\/uli-freese.de\/neu\/wp-content\/uploads\/2019\/04\/WelcomeTesla_Lausitzring2_1200-830x553.jpg 830w, https:\/\/uli-freese.de\/neu\/wp-content\/uploads\/2019\/04\/WelcomeTesla_Lausitzring2_1200-230x153.jpg 230w, https:\/\/uli-freese.de\/neu\/wp-content\/uploads\/2019\/04\/WelcomeTesla_Lausitzring2_1200-350x233.jpg 350w, https:\/\/uli-freese.de\/neu\/wp-content\/uploads\/2019\/04\/WelcomeTesla_Lausitzring2_1200-480x320.jpg 480w, https:\/\/uli-freese.de\/neu\/wp-content\/uploads\/2019\/04\/WelcomeTesla_Lausitzring2_1200.jpg 1200w\" sizes=\"(max-width: 1024px) 100vw, 1024px\" \/><figcaption id=\"caption-attachment-3756\" class=\"wp-caption-text\">Archiv-Foto: Welcome Tesla auf dem Lausitzring (Foto:www.welcome-tesla.com)<\/figcaption><\/figure>\n<p>Das ist eine gute Nachricht, die ganz \u00fcberraschend f\u00fcr die \u00d6ffentlichkeit am Abend von <span class=\"_5afx\"><span class=\"_58cm\">Tesla<\/span><\/span>-Chef Elon Musk verk\u00fcndet worden ist: Tesla baut seine weltweit vierte und erste europ\u00e4ische <span class=\"_5afx\"><span class=\"_58cm\">Gigafactory<\/span><\/span>\u00a0zur Produktion von Elektroautos und Batterien in Deutschland, im Gro\u00dfraum von Berlin.<\/p>\n<p>Ohne die Lausitzer Initiative\u00a0<a class=\"profileLink\" href=\"https:\/\/www.facebook.com\/welcometesla\/?__tn__=K-R&amp;eid=ARCwwIcedEbqS50BdSR4ObQeiym5fJsHMjhRMTGJz6ysiUGUmKCLnz21BWpscV4pRoDlP_oTEE4iJeRC&amp;fref=mentions&amp;__xts__%5B0%5D=68.ARDAabOoQ4EdrXKFmqyJYqZrLo1tffrq9AzxW_h_kO-3r9xI-xp_w5wZN5BRdbYqPdvajAE_I4nJxIV25JTs-zPhKVpi8fppSSYBStQaCRIJowRcoe9CEzpq2gAmT9ik4ttUvx9p7CQ2r4CxGOMT8KktcrX_KTxAoujnCFJ89mHyc9URYgv5ATXtIwQ62pXu5JCLnFf-cu1iDKft-T172X4tu4ULacSmSwtamXXZozLyjFxX-3WDlerwO5PX54nOkDUipqy2aHzd_FB1yirx4u3dG88gOxLKE3Tqs7kNwKKKkYr7AlKNC1m2y4znBOj8icBFjVUBRVAKxxWCmPOHBCWCoA\" data-hovercard=\"\/ajax\/hovercard\/page.php?id=313339679232494&amp;extragetparams=%7B%22__tn__%22%3A%22%2CdK-R-R%22%2C%22eid%22%3A%22ARCwwIcedEbqS50BdSR4ObQeiym5fJsHMjhRMTGJz6ysiUGUmKCLnz21BWpscV4pRoDlP_oTEE4iJeRC%22%2C%22fref%22%3A%22mentions%22%7D\" data-hovercard-prefer-more-content-show=\"1\">WelcomeTesla<\/a>\u00a0w\u00e4re Brandenburg nicht in den Mittelpunkt der Entscheidung gekommen, und es g\u00e4be den Standort, der auch f\u00fcr uns in der Lausitz auch von Bedeutung ist, nicht. Gl\u00fcckwunsch an alle Beteiligten, die das erm\u00f6glicht haben.<\/p>\n<p>Nun k\u00f6nnen wir all unsere Kr\u00e4fte auf die Strukturentwicklung, auch mit Unterst\u00fctzung anderer Regionen Brandenburgs, konzentrieren.<\/p>\n<p><strong><em>Eine Pressemitteilung zu diesem Thema k\u00f6nnen Sie hier als PDF-Datei herunterladen:<br \/>\n<a href=\"http:\/\/uli-freese.de\/neu\/wp-content\/uploads\/2019\/11\/20191113-Pressemitteilung-MdB-Freese-begr\u00fc\u00dft-Teslas-Entscheidung-f\u00fcr-Gigafactory-Standort.pdf\">20191113 Pressemitteilung MdB Freese begr\u00fc\u00dft Teslas Entscheidung f\u00fcr Gigafactory-Standort<\/a><\/em><\/strong><\/p>\n","protected":false},"excerpt":{"rendered":"<p>Das ist eine gute Nachricht, die ganz \u00fcberraschend f\u00fcr die \u00d6ffentlichkeit am Abend von Tesla-Chef Elon Musk verk\u00fcndet worden ist: Tesla baut seine weltweit vierte und erste europ\u00e4ische Gigafactory\u00a0zur Produktion von Elektroautos und Batterien in Deutschland, im Gro\u00dfraum von Berlin. Ohne die Lausitzer Initiative\u00a0WelcomeTesla\u00a0w\u00e4re Brandenburg nicht in den Mittelpunkt der Entscheidung gekommen, und es g\u00e4be [&hellip;]<\/p>\n","protected":false},"author":2,"featured_media":0,"comment_status":"closed","ping_status":"closed","sticky":false,"template":"","format":"standard","meta":[],"categories":[3],"tags":[],"_links":{"self":[{"href":"https:\/\/uli-freese.de\/neu\/wp-json\/wp\/v2\/posts\/4279"}],"collection":[{"href":"https:\/\/uli-freese.de\/neu\/wp-json\/wp\/v2\/posts"}],"about":[{"href":"https:\/\/uli-freese.de\/neu\/wp-json\/wp\/v2\/types\/post"}],"author":[{"embeddable":true,"href":"https:\/\/uli-freese.de\/neu\/wp-json\/wp\/v2\/users\/2"}],"replies":[{"embeddable":true,"href":"https:\/\/uli-freese.de\/neu\/wp-json\/wp\/v2\/comments?post=4279"}],"version-history":[{"count":2,"href":"https:\/\/uli-freese.de\/neu\/wp-json\/wp\/v2\/posts\/4279\/revisions"}],"predecessor-version":[{"id":4305,"href":"https:\/\/uli-freese.de\/neu\/wp-json\/wp\/v2\/posts\/4279\/revisions\/4305"}],"wp:attachment":[{"href":"https:\/\/uli-freese.de\/neu\/wp-json\/wp\/v2\/media?parent=4279"}],"wp:term":[{"taxonomy":"category","embeddable":true,"href":"https:\/\/uli-freese.de\/neu\/wp-json\/wp\/v2\/categories?post=4279"},{"taxonomy":"post_tag","embeddable":true,"href":"https:\/\/uli-freese.de\/neu\/wp-json\/wp\/v2\/tags?post=4279"}],"curies":[{"name":"wp","href":"https:\/\/api.w.org\/{rel}","templated":true}]}}