{"id":44,"date":"2013-05-16T07:29:04","date_gmt":"2013-05-16T05:29:04","guid":{"rendered":"http:\/\/uli-freese.de\/neu\/2013\/05\/16\/demographie-gipfel\/"},"modified":"2018-01-22T16:09:54","modified_gmt":"2018-01-22T15:09:54","slug":"demographie-gipfel","status":"publish","type":"post","link":"https:\/\/uli-freese.de\/neu\/2013\/05\/16\/demographie-gipfel\/","title":{"rendered":"Demographie-Gipfel der Bundesregierung \u201eEin Gipfel ohne Meilenstein\u201c"},"content":{"rendered":"<p style=\"text-align: justify;\"><span style=\"font-family: arial,helvetica,sans-serif;\">Auf dem vergangenen Demografie-Gipfel erkl\u00e4rte Bundeskanzlerin Angela Merkel, dass die schrittweise Anhebung des Renteneintrittsalters mit 67 Jahren bis zum Jahr 2029 unausweichlich erforderlich sei.<\/span><\/p>\n<p style=\"text-align: justify;\"><span style=\"font-family: arial,helvetica,sans-serif;\">Hierzu erkl\u00e4rt der SPD Bundestagskandidat <b>Ulrich Freese<\/b>: \u201eFrau Merkel h\u00e4lt sklavisch am Renteneintrittsalter mit 67 Jahren fest. \u00dcberboten wird sie dabei nur noch von Prof. H\u00fcther vom arbeitgebernahen Institut der deutschen Wirtschaft in K\u00f6ln, der das Renteneintrittsalter mit 69, bzw 70 Jahren fordert. Dies zeigt deutlich, dass die Bundeskanzlerin und der Professor keine Ahnung von der Arbeits- und Lebenswirklichkeit der Menschen in den Betrieben haben. Ein Gro\u00dfteil der Erwerbst\u00e4tigen scheidet bereits heute mit einer Erwerbsunf\u00e4higkeitsrente, bzw mit erheblichen Abschl\u00e4gen aus dem Arbeitsleben aus, weil sowohl die k\u00f6rperlichen, als auch die psychischen Belastungen imminent gestiegen sind, \u201c so <b>Ulrich Freese.<\/b><\/span><\/p>\n<p style=\"text-align: justify;\"><span style=\"font-family: 'Arial','sans-serif';\"><span style=\"font-family: arial,helvetica,sans-serif;\">\u201eDas Rentenkonzept der SPD tr\u00e4gt den Bed\u00fcrfnissen der arbeitenden Menschen Rechnung,\u201c so Ulrich Freese weiter. \u201eEs sieht f\u00fcr Erwerbsunf\u00e4higkeitsrentner die abschlagsfreie Rente vor und das Arbeitnehmer ab dem 60. Lebensjahr, sofern sie 30 Beitrags-, bzw 40 Versicherungsjahre vorweisen k\u00f6nnen, in eine Teilrente gehen k\u00f6nnen. Langj\u00e4hrig Besch\u00e4ftigte mit 45 Versicherungsjahren k\u00f6nnen ab dem 63. Lebensjahr abschlagsfrei in Rente gehen. Dies sind die Antworten, die die Arbeitnehmerinnen und Arbeitnehmer erwarten und f\u00fcr die es sich lohnt, zu streiten,\u201c so der SPD Bundestagskandidat <b>Ulrich Freese<\/b> abschliessend.<\/span> <\/span><\/p>\n","protected":false},"excerpt":{"rendered":"<p>Auf dem vergangenen Demografie-Gipfel erkl\u00e4rte Bundeskanzlerin Angela Merkel, dass die schrittweise Anhebung des Renteneintrittsalters mit 67 Jahren bis zum Jahr 2029 unausweichlich erforderlich sei. Hierzu erkl\u00e4rt der SPD Bundestagskandidat Ulrich Freese: \u201eFrau Merkel h\u00e4lt sklavisch am Renteneintrittsalter mit 67 Jahren fest. \u00dcberboten wird sie dabei nur noch von Prof. H\u00fcther vom arbeitgebernahen Institut der deutschen [&hellip;]<\/p>\n","protected":false},"author":1,"featured_media":0,"comment_status":"closed","ping_status":"open","sticky":false,"template":"","format":"standard","meta":[],"categories":[3],"tags":[],"_links":{"self":[{"href":"https:\/\/uli-freese.de\/neu\/wp-json\/wp\/v2\/posts\/44"}],"collection":[{"href":"https:\/\/uli-freese.de\/neu\/wp-json\/wp\/v2\/posts"}],"about":[{"href":"https:\/\/uli-freese.de\/neu\/wp-json\/wp\/v2\/types\/post"}],"author":[{"embeddable":true,"href":"https:\/\/uli-freese.de\/neu\/wp-json\/wp\/v2\/users\/1"}],"replies":[{"embeddable":true,"href":"https:\/\/uli-freese.de\/neu\/wp-json\/wp\/v2\/comments?post=44"}],"version-history":[{"count":1,"href":"https:\/\/uli-freese.de\/neu\/wp-json\/wp\/v2\/posts\/44\/revisions"}],"predecessor-version":[{"id":2427,"href":"https:\/\/uli-freese.de\/neu\/wp-json\/wp\/v2\/posts\/44\/revisions\/2427"}],"wp:attachment":[{"href":"https:\/\/uli-freese.de\/neu\/wp-json\/wp\/v2\/media?parent=44"}],"wp:term":[{"taxonomy":"category","embeddable":true,"href":"https:\/\/uli-freese.de\/neu\/wp-json\/wp\/v2\/categories?post=44"},{"taxonomy":"post_tag","embeddable":true,"href":"https:\/\/uli-freese.de\/neu\/wp-json\/wp\/v2\/tags?post=44"}],"curies":[{"name":"wp","href":"https:\/\/api.w.org\/{rel}","templated":true}]}}