{"id":4406,"date":"2020-02-17T15:39:14","date_gmt":"2020-02-17T14:39:14","guid":{"rendered":"http:\/\/uli-freese.de\/neu\/?p=4406"},"modified":"2020-02-18T13:39:57","modified_gmt":"2020-02-18T12:39:57","slug":"buergerat-demokratie-lausitzerin-war-eine-von-160-teilnehmerinnen","status":"publish","type":"post","link":"https:\/\/uli-freese.de\/neu\/2020\/02\/17\/buergerat-demokratie-lausitzerin-war-eine-von-160-teilnehmerinnen\/","title":{"rendered":"B\u00fcrgerat Demokratie: Lausitzerin war eine von 160 TeilnehmerInnen"},"content":{"rendered":"<p><span id=\"fbPhotoSnowliftCaption\" class=\"fbPhotosPhotoCaption\" tabindex=\"0\" aria-live=\"polite\" data-ft=\"{&quot;tn&quot;:&quot;K&quot;}\"><span class=\"hasCaption\"><img loading=\"lazy\" class=\"alignnone size-full wp-image-4410\" src=\"http:\/\/uli-freese.de\/neu\/wp-content\/uploads\/2020\/02\/20200217-B\u00fcrgergrespr\u00e4ch-Frau-Glomb-mit-Uli-Freese-und-Reinhard-Drogla-B\u00fcrgerrat-2-scaled.jpg\" alt=\"20200217 B\u00fcrgergrespr\u00e4ch Frau Glomb mit Uli Freese und Reinhard Drogla B\u00fcrgerrat 2\" width=\"2560\" height=\"1920\" srcset=\"https:\/\/uli-freese.de\/neu\/wp-content\/uploads\/2020\/02\/20200217-B\u00fcrgergrespr\u00e4ch-Frau-Glomb-mit-Uli-Freese-und-Reinhard-Drogla-B\u00fcrgerrat-2-scaled.jpg 2560w, https:\/\/uli-freese.de\/neu\/wp-content\/uploads\/2020\/02\/20200217-B\u00fcrgergrespr\u00e4ch-Frau-Glomb-mit-Uli-Freese-und-Reinhard-Drogla-B\u00fcrgerrat-2-300x225.jpg 300w, https:\/\/uli-freese.de\/neu\/wp-content\/uploads\/2020\/02\/20200217-B\u00fcrgergrespr\u00e4ch-Frau-Glomb-mit-Uli-Freese-und-Reinhard-Drogla-B\u00fcrgerrat-2-1024x768.jpg 1024w, https:\/\/uli-freese.de\/neu\/wp-content\/uploads\/2020\/02\/20200217-B\u00fcrgergrespr\u00e4ch-Frau-Glomb-mit-Uli-Freese-und-Reinhard-Drogla-B\u00fcrgerrat-2-768x576.jpg 768w, https:\/\/uli-freese.de\/neu\/wp-content\/uploads\/2020\/02\/20200217-B\u00fcrgergrespr\u00e4ch-Frau-Glomb-mit-Uli-Freese-und-Reinhard-Drogla-B\u00fcrgerrat-2-1536x1152.jpg 1536w, https:\/\/uli-freese.de\/neu\/wp-content\/uploads\/2020\/02\/20200217-B\u00fcrgergrespr\u00e4ch-Frau-Glomb-mit-Uli-Freese-und-Reinhard-Drogla-B\u00fcrgerrat-2-2048x1536.jpg 2048w, https:\/\/uli-freese.de\/neu\/wp-content\/uploads\/2020\/02\/20200217-B\u00fcrgergrespr\u00e4ch-Frau-Glomb-mit-Uli-Freese-und-Reinhard-Drogla-B\u00fcrgerrat-2-830x623.jpg 830w, https:\/\/uli-freese.de\/neu\/wp-content\/uploads\/2020\/02\/20200217-B\u00fcrgergrespr\u00e4ch-Frau-Glomb-mit-Uli-Freese-und-Reinhard-Drogla-B\u00fcrgerrat-2-230x173.jpg 230w, https:\/\/uli-freese.de\/neu\/wp-content\/uploads\/2020\/02\/20200217-B\u00fcrgergrespr\u00e4ch-Frau-Glomb-mit-Uli-Freese-und-Reinhard-Drogla-B\u00fcrgerrat-2-350x263.jpg 350w, https:\/\/uli-freese.de\/neu\/wp-content\/uploads\/2020\/02\/20200217-B\u00fcrgergrespr\u00e4ch-Frau-Glomb-mit-Uli-Freese-und-Reinhard-Drogla-B\u00fcrgerrat-2-480x360.jpg 480w\" sizes=\"(max-width: 2560px) 100vw, 2560px\" \/>Gemeinsam mit Reinhard Drogla (Vorsitzender der Cottbuser Stadtverordneten-versammlun<wbr \/>g) habe ich heute Mittag mit der Cottbuserin Brigitte Glomb \u00fcber ihre Erfahrungen beim <a href=\"https:\/\/www.buergerrat.de\/\" target=\"_blank\" rel=\"noopener noreferrer\" data-hovercard=\"\/ajax\/hovercard\/page.php?id=2186797528075001&amp;extragetparams=%7B%22__tn__%22%3A%22%2CdK%2AF-R%22%2C%22eid%22%3A%22ARAQQLTlHZlZ9R8iS-ZA09xOSjd85yxRORL5fhkaxRUDdNoC-78DI6WLXyjb-UKV8Uyc2krCFBitdCS1%22%2C%22directed_target_id%22%3Anull%2C%22groups_location%22%3Anull%7D\" data-hovercard-prefer-more-content-show=\"1\">B\u00fcrgerrat Demokratie<\/a>\u00a0im vergangenen Jahr gesprochen. <\/span><\/span><\/p>\n<p><span id=\"fbPhotoSnowliftCaption\" class=\"fbPhotosPhotoCaption\" tabindex=\"0\" aria-live=\"polite\" data-ft=\"{&quot;tn&quot;:&quot;K&quot;}\"><span class=\"hasCaption\">160 per Los ausgew\u00e4hlte Menschen aus dem gesamten Bundesgebiet erarbeiteten im September in Leipzig an zwei Wochenenden Handlungsempfehlungen zur St\u00e4rkung der Demokratie. <\/span><\/span><\/p>\n<p><span id=\"fbPhotoSnowliftCaption\" class=\"fbPhotosPhotoCaption\" tabindex=\"0\" aria-live=\"polite\" data-ft=\"{&quot;tn&quot;:&quot;K&quot;}\"><span class=\"hasCaption\">Ich bedanke mich bei der aktiven Lausitzerin f\u00fcr dieses \u00fcberaus interessante Gespr\u00e4ch und ihren Bericht \u00fcber den Prozess und das Ergebnis des B\u00fcrgerrats.<\/span><\/span><\/p>\n<div id=\"fbPhotoSnowliftProductMiniListHscroll\" class=\"fbCommerceProductMiniListHscroll\"><\/div>\n<div id=\"fbPhotoSnowliftLegacyTagList\" class=\"pts fbPhotoLegacyTagList\">\n<div><\/div>\n<\/div>\n<div id=\"fbPhotoSnowliftCallToActionButton\" class=\"fbPhotosPhotoButtons\"><\/div>\n<div id=\"fbPhotoSnowliftPhotoFundraiser\"><\/div>\n<div id=\"fbPhotoSnowliftOwnerButtons\" class=\"mvm fbPhotosPhotoOwnerButtons stat_elem\">\n<div id=\"photosTruncatingUIButtonGroup\" class=\"_51xa _3-8m _3-90\"><\/div>\n<\/div>\n","protected":false},"excerpt":{"rendered":"<p>Gemeinsam mit Reinhard Drogla (Vorsitzender der Cottbuser Stadtverordneten-versammlung) habe ich heute Mittag mit der Cottbuserin Brigitte Glomb \u00fcber ihre Erfahrungen beim B\u00fcrgerrat Demokratie\u00a0im vergangenen Jahr gesprochen. 160 per Los ausgew\u00e4hlte Menschen aus dem gesamten Bundesgebiet erarbeiteten im September in Leipzig an zwei Wochenenden Handlungsempfehlungen zur St\u00e4rkung der Demokratie. Ich bedanke mich bei der aktiven Lausitzerin [&hellip;]<\/p>\n","protected":false},"author":2,"featured_media":0,"comment_status":"closed","ping_status":"closed","sticky":false,"template":"","format":"standard","meta":[],"categories":[3],"tags":[],"_links":{"self":[{"href":"https:\/\/uli-freese.de\/neu\/wp-json\/wp\/v2\/posts\/4406"}],"collection":[{"href":"https:\/\/uli-freese.de\/neu\/wp-json\/wp\/v2\/posts"}],"about":[{"href":"https:\/\/uli-freese.de\/neu\/wp-json\/wp\/v2\/types\/post"}],"author":[{"embeddable":true,"href":"https:\/\/uli-freese.de\/neu\/wp-json\/wp\/v2\/users\/2"}],"replies":[{"embeddable":true,"href":"https:\/\/uli-freese.de\/neu\/wp-json\/wp\/v2\/comments?post=4406"}],"version-history":[{"count":2,"href":"https:\/\/uli-freese.de\/neu\/wp-json\/wp\/v2\/posts\/4406\/revisions"}],"predecessor-version":[{"id":4412,"href":"https:\/\/uli-freese.de\/neu\/wp-json\/wp\/v2\/posts\/4406\/revisions\/4412"}],"wp:attachment":[{"href":"https:\/\/uli-freese.de\/neu\/wp-json\/wp\/v2\/media?parent=4406"}],"wp:term":[{"taxonomy":"category","embeddable":true,"href":"https:\/\/uli-freese.de\/neu\/wp-json\/wp\/v2\/categories?post=4406"},{"taxonomy":"post_tag","embeddable":true,"href":"https:\/\/uli-freese.de\/neu\/wp-json\/wp\/v2\/tags?post=4406"}],"curies":[{"name":"wp","href":"https:\/\/api.w.org\/{rel}","templated":true}]}}