{"id":4799,"date":"2020-09-04T15:30:48","date_gmt":"2020-09-04T13:30:48","guid":{"rendered":"https:\/\/uli-freese.de\/neu\/2020\/09\/04\/viele-gespraeche-in-welzow\/"},"modified":"2020-09-07T13:38:27","modified_gmt":"2020-09-07T11:38:27","slug":"viele-gespraeche-in-welzow","status":"publish","type":"post","link":"https:\/\/uli-freese.de\/neu\/2020\/09\/04\/viele-gespraeche-in-welzow\/","title":{"rendered":"Viele Gespr\u00e4che in Welzow"},"content":{"rendered":"\n<p>Am Freitag war ich mit meinem Infostand in Welzow in der Brandenburger Stra\u00dfe vor Ort, um mit den B\u00fcrgerinnen und B\u00fcrgern ins Gespr\u00e4ch zu kommen. <\/p>\n\n\n\n<figure class=\"wp-block-image size-large\"><img loading=\"lazy\" width=\"2560\" height=\"1920\" src=\"https:\/\/uli-freese.de\/neu\/wp-content\/uploads\/2020\/09\/img_4667-scaled.jpg\" alt=\"\" class=\"wp-image-4800\" srcset=\"https:\/\/uli-freese.de\/neu\/wp-content\/uploads\/2020\/09\/img_4667-scaled.jpg 2560w, https:\/\/uli-freese.de\/neu\/wp-content\/uploads\/2020\/09\/img_4667-300x225.jpg 300w, https:\/\/uli-freese.de\/neu\/wp-content\/uploads\/2020\/09\/img_4667-1024x768.jpg 1024w, https:\/\/uli-freese.de\/neu\/wp-content\/uploads\/2020\/09\/img_4667-768x576.jpg 768w, https:\/\/uli-freese.de\/neu\/wp-content\/uploads\/2020\/09\/img_4667-1536x1152.jpg 1536w, https:\/\/uli-freese.de\/neu\/wp-content\/uploads\/2020\/09\/img_4667-2048x1536.jpg 2048w, https:\/\/uli-freese.de\/neu\/wp-content\/uploads\/2020\/09\/img_4667-830x623.jpg 830w, https:\/\/uli-freese.de\/neu\/wp-content\/uploads\/2020\/09\/img_4667-230x173.jpg 230w, https:\/\/uli-freese.de\/neu\/wp-content\/uploads\/2020\/09\/img_4667-350x263.jpg 350w, https:\/\/uli-freese.de\/neu\/wp-content\/uploads\/2020\/09\/img_4667-480x360.jpg 480w\" sizes=\"(max-width: 2560px) 100vw, 2560px\" \/><\/figure>\n\n\n\n<p>Einige Passanten nutzten die M\u00f6glichkeit sich \u00fcber die Arbeit der SPD Fraktion im Bundestag oder ganz allgemein zu aktuellen politische Fragen zu informieren und auszutauschen. Aber auch lokale Themen brannten den Standbesuchern unter den N\u00e4geln, so dass ich diese auch aus Sicht als Kreistagsmitglied beantworten konnte. Au\u00dferdem schaute die Wlezower B\u00fcrgermeisterin am Infostand vorbei, so dass sie vor Ort auch direkt zu Welzower Themen Rede und Antwort stehen konnte. <\/p>\n\n\n\n<figure class=\"wp-block-image size-large\"><img loading=\"lazy\" width=\"768\" height=\"1024\" src=\"https:\/\/uli-freese.de\/neu\/wp-content\/uploads\/2020\/09\/img_4663-768x1024.jpg\" alt=\"\" class=\"wp-image-4801\" srcset=\"https:\/\/uli-freese.de\/neu\/wp-content\/uploads\/2020\/09\/img_4663-768x1024.jpg 768w, https:\/\/uli-freese.de\/neu\/wp-content\/uploads\/2020\/09\/img_4663-225x300.jpg 225w, https:\/\/uli-freese.de\/neu\/wp-content\/uploads\/2020\/09\/img_4663-1152x1536.jpg 1152w, https:\/\/uli-freese.de\/neu\/wp-content\/uploads\/2020\/09\/img_4663-1536x2048.jpg 1536w, https:\/\/uli-freese.de\/neu\/wp-content\/uploads\/2020\/09\/img_4663-830x1107.jpg 830w, https:\/\/uli-freese.de\/neu\/wp-content\/uploads\/2020\/09\/img_4663-230x307.jpg 230w, https:\/\/uli-freese.de\/neu\/wp-content\/uploads\/2020\/09\/img_4663-350x467.jpg 350w, https:\/\/uli-freese.de\/neu\/wp-content\/uploads\/2020\/09\/img_4663-480x640.jpg 480w, https:\/\/uli-freese.de\/neu\/wp-content\/uploads\/2020\/09\/img_4663-scaled.jpg 1920w\" sizes=\"(max-width: 768px) 100vw, 768px\" \/><\/figure>\n\n\n\n<p>Die Themen Grundrente und Corona sowie die allgemeine politische Situation waren dabei stets pr\u00e4sent. Das zeigt mir erneut, wie wichtig der Kontakt mit den B\u00fcrgerinnen und B\u00fcrgern ist. Und wenn sie nicht zu mir in eines meiner Wahlkreisb\u00fcros kommen, dann komme ich eben zu ihnen. Bis zum Sp\u00e4therbst werde ich sicher noch hier und da mit meinem Infostand aufrauchen&#8230;<\/p>\n","protected":false},"excerpt":{"rendered":"<p>Am Freitag war ich mit meinem Infostand in Welzow in der Brandenburger Stra\u00dfe vor Ort, um mit den B\u00fcrgerinnen und B\u00fcrgern ins Gespr\u00e4ch zu kommen. Einige Passanten nutzten die M\u00f6glichkeit sich \u00fcber die Arbeit der SPD Fraktion im Bundestag oder ganz allgemein zu aktuellen politische Fragen zu informieren und auszutauschen. Aber auch lokale Themen brannten [&hellip;]<\/p>\n","protected":false},"author":2,"featured_media":0,"comment_status":"closed","ping_status":"closed","sticky":false,"template":"","format":"standard","meta":[],"categories":[3],"tags":[96,108,95,107,93,106],"_links":{"self":[{"href":"https:\/\/uli-freese.de\/neu\/wp-json\/wp\/v2\/posts\/4799"}],"collection":[{"href":"https:\/\/uli-freese.de\/neu\/wp-json\/wp\/v2\/posts"}],"about":[{"href":"https:\/\/uli-freese.de\/neu\/wp-json\/wp\/v2\/types\/post"}],"author":[{"embeddable":true,"href":"https:\/\/uli-freese.de\/neu\/wp-json\/wp\/v2\/users\/2"}],"replies":[{"embeddable":true,"href":"https:\/\/uli-freese.de\/neu\/wp-json\/wp\/v2\/comments?post=4799"}],"version-history":[{"count":2,"href":"https:\/\/uli-freese.de\/neu\/wp-json\/wp\/v2\/posts\/4799\/revisions"}],"predecessor-version":[{"id":4803,"href":"https:\/\/uli-freese.de\/neu\/wp-json\/wp\/v2\/posts\/4799\/revisions\/4803"}],"wp:attachment":[{"href":"https:\/\/uli-freese.de\/neu\/wp-json\/wp\/v2\/media?parent=4799"}],"wp:term":[{"taxonomy":"category","embeddable":true,"href":"https:\/\/uli-freese.de\/neu\/wp-json\/wp\/v2\/categories?post=4799"},{"taxonomy":"post_tag","embeddable":true,"href":"https:\/\/uli-freese.de\/neu\/wp-json\/wp\/v2\/tags?post=4799"}],"curies":[{"name":"wp","href":"https:\/\/api.w.org\/{rel}","templated":true}]}}