{"id":481,"date":"2014-06-15T09:47:53","date_gmt":"2014-06-15T07:47:53","guid":{"rendered":"http:\/\/uli-freese.de\/neu\/2014\/06\/15\/las-da-gibt-es-nichts-zu-meckern-15-06-2014\/"},"modified":"2018-01-22T16:08:13","modified_gmt":"2018-01-22T15:08:13","slug":"las-da-gibt-es-nichts-zu-meckern-15-06-2014","status":"publish","type":"post","link":"https:\/\/uli-freese.de\/neu\/2014\/06\/15\/las-da-gibt-es-nichts-zu-meckern-15-06-2014\/","title":{"rendered":"LaS: Da gibt es nichts zu meckern (15.06.2014)"},"content":{"rendered":"<p>Am gestrigen Samstag nahm ich an der Er\u00f6ffnung der 20. Brandenburger Landpartie im SPN-Kreis&nbsp;am Ziegenhof &#8222;Zw\u00f6lf Eichen&#8220; in Gulben teil.<\/p>\n<p>Dar\u00fcber berichtet heute die &#8222;Lausitz am Sonntag&#8220; auf der Titelseite:<\/p>\n<p><img loading=\"lazy\" class=\" size-full wp-image-480\" src=\"http:\/\/uli-freese.de\/neu\/wp-content\/uploads\/2014\/06\/20140615_lausitzAmSonntag_Artikel_Landpartie.jpg\" alt=\"20140615 lausitzAmSonntag Artikel Landpartie\" width=\"686\" height=\"860\" srcset=\"https:\/\/uli-freese.de\/neu\/wp-content\/uploads\/2014\/06\/20140615_lausitzAmSonntag_Artikel_Landpartie.jpg 686w, https:\/\/uli-freese.de\/neu\/wp-content\/uploads\/2014\/06\/20140615_lausitzAmSonntag_Artikel_Landpartie-239x300.jpg 239w\" sizes=\"(max-width: 686px) 100vw, 686px\" \/><\/p>\n<p>Den Artikel k\u00f6nnen Sie auch online nachlesen auf: <a href=\"http:\/\/www.lr-online.de\/lausitzamsonntag\/themen\/aktuelles\/tdw\/Da-gibt-es-nichts-zu-meckern;art250734,4636914\" target=\"_blank\">http:\/\/www.lr-online.de\/lausitzamsonntag\/themen\/aktuelles\/tdw\/Da-gibt-es-nichts-zu-meckern;art250734,4636914<\/a><\/p>\n<p>(Quelle: Lausitz am Sonntag vom 15. Juni 2014 &#8211; copyright: Medienhaus Lausitzer Rundschau)<\/p>\n","protected":false},"excerpt":{"rendered":"<p>Am gestrigen Samstag nahm ich an der Er\u00f6ffnung der 20. Brandenburger Landpartie im SPN-Kreis&nbsp;am Ziegenhof &#8222;Zw\u00f6lf Eichen&#8220; in Gulben teil. Dar\u00fcber berichtet heute die &#8222;Lausitz am Sonntag&#8220; auf der Titelseite: Den Artikel k\u00f6nnen Sie auch online nachlesen auf: http:\/\/www.lr-online.de\/lausitzamsonntag\/themen\/aktuelles\/tdw\/Da-gibt-es-nichts-zu-meckern;art250734,4636914 (Quelle: Lausitz am Sonntag vom 15. Juni 2014 &#8211; copyright: Medienhaus Lausitzer Rundschau)<\/p>\n","protected":false},"author":1,"featured_media":480,"comment_status":"closed","ping_status":"open","sticky":false,"template":"","format":"standard","meta":[],"categories":[5],"tags":[],"_links":{"self":[{"href":"https:\/\/uli-freese.de\/neu\/wp-json\/wp\/v2\/posts\/481"}],"collection":[{"href":"https:\/\/uli-freese.de\/neu\/wp-json\/wp\/v2\/posts"}],"about":[{"href":"https:\/\/uli-freese.de\/neu\/wp-json\/wp\/v2\/types\/post"}],"author":[{"embeddable":true,"href":"https:\/\/uli-freese.de\/neu\/wp-json\/wp\/v2\/users\/1"}],"replies":[{"embeddable":true,"href":"https:\/\/uli-freese.de\/neu\/wp-json\/wp\/v2\/comments?post=481"}],"version-history":[{"count":1,"href":"https:\/\/uli-freese.de\/neu\/wp-json\/wp\/v2\/posts\/481\/revisions"}],"predecessor-version":[{"id":2229,"href":"https:\/\/uli-freese.de\/neu\/wp-json\/wp\/v2\/posts\/481\/revisions\/2229"}],"wp:featuredmedia":[{"embeddable":true,"href":"https:\/\/uli-freese.de\/neu\/wp-json\/wp\/v2\/media\/480"}],"wp:attachment":[{"href":"https:\/\/uli-freese.de\/neu\/wp-json\/wp\/v2\/media?parent=481"}],"wp:term":[{"taxonomy":"category","embeddable":true,"href":"https:\/\/uli-freese.de\/neu\/wp-json\/wp\/v2\/categories?post=481"},{"taxonomy":"post_tag","embeddable":true,"href":"https:\/\/uli-freese.de\/neu\/wp-json\/wp\/v2\/tags?post=481"}],"curies":[{"name":"wp","href":"https:\/\/api.w.org\/{rel}","templated":true}]}}