{"id":5008,"date":"2021-01-26T15:20:42","date_gmt":"2021-01-26T14:20:42","guid":{"rendered":"http:\/\/uli-freese.de\/neu\/?p=5008"},"modified":"2021-01-26T15:21:48","modified_gmt":"2021-01-26T14:21:48","slug":"pm-mehr-buergernaehe-neue-sprechzeiten-meines-gubener-buergerbueros","status":"publish","type":"post","link":"https:\/\/uli-freese.de\/neu\/2021\/01\/26\/pm-mehr-buergernaehe-neue-sprechzeiten-meines-gubener-buergerbueros\/","title":{"rendered":"PM: Mehr B\u00fcrgern\u00e4he: Neue Sprechzeiten meines Gubener B\u00fcrgerb\u00fcros"},"content":{"rendered":"<p>PRESSEMITTEILUNG<\/p>\n<h3><strong>Mehr B\u00fcrgern\u00e4he: Neue Sprechzeiten meines Gubener B\u00fcrgerb\u00fcros<\/strong><\/h3>\n<p><strong><em>Neuer Ansprechpartner f\u00fcr die B\u00fcrger \u2013 Telefonische Sprechstunde am 3. Februar<\/em><\/strong><\/p>\n<p>Berlin\/Guben. <strong>Seit Januar dieses Jahres bietet das Gubener B\u00fcrgerb\u00fcro des Lausitzer Bundestagsabgeordneten Ulrich Freese (SPD) in der Berliner Str. 35 (im Begegnungszentrum Volkssolidarit\u00e4t) erweiterte Sprechzeiten. <\/strong><\/p>\n<p>W\u00e4hrend der aktuellen Pandemie-Situation erreichen Gubenerinnen und Gubener die Mitarbeiter Paul Weisflog und Stefan Labahn telefonisch<strong> montags von 10 bis 14 Uhr, donnerstags von 10 bis 16 Uhr und freitags von 10 bis 14 Uhr unter der Rufnummer 03561\/6860646<\/strong>. Au\u00dferdem sind Gespr\u00e4chstermine zu anderen Zeiten individuell vereinbar.<\/p>\n<p>\u201eMit der doppelt personellen Besetzung stelle ich sicher, dass die von mir gew\u00fcnschte B\u00fcrgern\u00e4he auch in Guben wieder gegeben ist\u201c, so Ulrich Freese zur Ausweitung der Sprechzeiten.<\/p>\n<p>Mitarbeiter Stefan Labahn ist f\u00fcr die Einwohnern der Nei\u00dfestadt derzeit pandemiebedingt nur telefonisch als engagierter Gubener erster Ansprechpartner. Nach Beendigung des derzeitigen Lockdowns und der Kontaktbeschr\u00e4nkungen stehen das Gubener B\u00fcrgerb\u00fcro und der Abgeordnete Ulrich Freese dann den B\u00fcrgerinnen und B\u00fcrgern nat\u00fcrlich auch wieder zu pers\u00f6nlichen Terminen im B\u00fcro zur Verf\u00fcgung.<\/p>\n<p>F\u00fcr den 3. Februar 2021 plant Ulrich Freese mit seinen Mitarbeitern aller B\u00fcrgerb\u00fcros in Guben, Forst, Spremberg und Cottbus au\u00dferdem eine telefonische B\u00fcrgersprechstunde. Nach dem gro\u00dfen Erfolg dieses Formats Ende Dezember bietet der heimische Abgeordnete diese der aktuellen Pandemiesituation angepasste Variante seiner regelm\u00e4\u00dfigen Sprechstunden erneut an. <strong>B\u00fcrgerinnen und B\u00fcrger erreichen Ulrich Freese am Mittwoch, den 3.2.2021 von 15 bis 19 Uhr f\u00fcr Anfragen und zur politischen Diskussion unter der Rufnummer 03563 \/ 60 888 60.<\/strong><\/p>\n","protected":false},"excerpt":{"rendered":"<p>PRESSEMITTEILUNG Mehr B\u00fcrgern\u00e4he: Neue Sprechzeiten meines Gubener B\u00fcrgerb\u00fcros Neuer Ansprechpartner f\u00fcr die B\u00fcrger \u2013 Telefonische Sprechstunde am 3. Februar Berlin\/Guben. Seit Januar dieses Jahres bietet das Gubener B\u00fcrgerb\u00fcro des Lausitzer Bundestagsabgeordneten Ulrich Freese (SPD) in der Berliner Str. 35 (im Begegnungszentrum Volkssolidarit\u00e4t) erweiterte Sprechzeiten. W\u00e4hrend der aktuellen Pandemie-Situation erreichen Gubenerinnen und Gubener die Mitarbeiter Paul [&hellip;]<\/p>\n","protected":false},"author":2,"featured_media":0,"comment_status":"closed","ping_status":"closed","sticky":false,"template":"","format":"standard","meta":[],"categories":[5],"tags":[],"_links":{"self":[{"href":"https:\/\/uli-freese.de\/neu\/wp-json\/wp\/v2\/posts\/5008"}],"collection":[{"href":"https:\/\/uli-freese.de\/neu\/wp-json\/wp\/v2\/posts"}],"about":[{"href":"https:\/\/uli-freese.de\/neu\/wp-json\/wp\/v2\/types\/post"}],"author":[{"embeddable":true,"href":"https:\/\/uli-freese.de\/neu\/wp-json\/wp\/v2\/users\/2"}],"replies":[{"embeddable":true,"href":"https:\/\/uli-freese.de\/neu\/wp-json\/wp\/v2\/comments?post=5008"}],"version-history":[{"count":2,"href":"https:\/\/uli-freese.de\/neu\/wp-json\/wp\/v2\/posts\/5008\/revisions"}],"predecessor-version":[{"id":5010,"href":"https:\/\/uli-freese.de\/neu\/wp-json\/wp\/v2\/posts\/5008\/revisions\/5010"}],"wp:attachment":[{"href":"https:\/\/uli-freese.de\/neu\/wp-json\/wp\/v2\/media?parent=5008"}],"wp:term":[{"taxonomy":"category","embeddable":true,"href":"https:\/\/uli-freese.de\/neu\/wp-json\/wp\/v2\/categories?post=5008"},{"taxonomy":"post_tag","embeddable":true,"href":"https:\/\/uli-freese.de\/neu\/wp-json\/wp\/v2\/tags?post=5008"}],"curies":[{"name":"wp","href":"https:\/\/api.w.org\/{rel}","templated":true}]}}