{"id":5283,"date":"2021-09-27T10:11:15","date_gmt":"2021-09-27T08:11:15","guid":{"rendered":"https:\/\/uli-freese.de\/neu\/?p=5283"},"modified":"2021-12-03T11:47:34","modified_gmt":"2021-12-03T10:47:34","slug":"direktmandat-in-cottbus-spree-neisse-fuer-maja-wallstein","status":"publish","type":"post","link":"https:\/\/uli-freese.de\/neu\/2021\/09\/27\/direktmandat-in-cottbus-spree-neisse-fuer-maja-wallstein\/","title":{"rendered":"Direktmandat in Cottbus &#038; Spree-Nei\u00dfe f\u00fcr Maja Wallstein"},"content":{"rendered":"<div class=\"kvgmc6g5 cxmmr5t8 oygrvhab hcukyx3x c1et5uql ii04i59q\">\r\n<div dir=\"auto\">Herzlichen Gl\u00fcckwunsch an <span class=\"nc684nl6\">Maja Wallstein<\/span> zum Sieg des Direktmandats im Wahlkreis Cottbus &amp; Spree-Nei\u00dfe. Danke an alle W\u00e4hlerinnen und W\u00e4hler f\u00fcr Ihr Vertrauen in die Sozialdemokratie und unsere Kandidatin Maja.<\/div>\r\n<div dir=\"auto\">\u00a0<\/div>\r\n<\/div>\r\n<div class=\"o9v6fnle cxmmr5t8 oygrvhab hcukyx3x c1et5uql ii04i59q\">\r\n<div dir=\"auto\">Gestern Abend durfte ich gemeinsam mit dem SPD-Unterbezirksvorsitzenden aus Cottbus, Gunnar Kurth, und dem Fraktionsvorsitzenden der SPD-Landtagsfraktion, Erik Stohn, bei der Wahlparty im Planetarium Cottbus Maja als einer der Ersten gratulieren.<\/div>\r\n<\/div>\r\n<div class=\"o9v6fnle cxmmr5t8 oygrvhab hcukyx3x c1et5uql ii04i59q\">\r\n<div dir=\"auto\">\u00a0<\/div>\r\n<div dir=\"auto\">Meine Gl\u00fcckw\u00fcnsche gehen auch an alle zuk\u00fcnftigen alten und neuen Abgeordneten aus Brandenburg, die alle weiteren neun Direktmandate im Land gewonnen haben.<\/div>\r\n<\/div>\r\n<div dir=\"auto\">\u00a0<\/div>\r\n\r\n<p>&nbsp;<\/p>\r\n","protected":false},"excerpt":{"rendered":"<p>Herzlichen Gl\u00fcckwunsch an Maja Wallstein zum Sieg des Direktmandats im Wahlkreis Cottbus &amp; Spree-Nei\u00dfe. Danke an alle W\u00e4hlerinnen und W\u00e4hler f\u00fcr Ihr Vertrauen in die Sozialdemokratie und unsere Kandidatin Maja. \u00a0 Gestern Abend durfte ich gemeinsam mit dem SPD-Unterbezirksvorsitzenden aus Cottbus, Gunnar Kurth, und dem Fraktionsvorsitzenden der SPD-Landtagsfraktion, Erik Stohn, bei der Wahlparty im Planetarium [&hellip;]<\/p>\n","protected":false},"author":2,"featured_media":5286,"comment_status":"closed","ping_status":"closed","sticky":false,"template":"","format":"standard","meta":[],"categories":[3],"tags":[170,288,299,285,54],"_links":{"self":[{"href":"https:\/\/uli-freese.de\/neu\/wp-json\/wp\/v2\/posts\/5283"}],"collection":[{"href":"https:\/\/uli-freese.de\/neu\/wp-json\/wp\/v2\/posts"}],"about":[{"href":"https:\/\/uli-freese.de\/neu\/wp-json\/wp\/v2\/types\/post"}],"author":[{"embeddable":true,"href":"https:\/\/uli-freese.de\/neu\/wp-json\/wp\/v2\/users\/2"}],"replies":[{"embeddable":true,"href":"https:\/\/uli-freese.de\/neu\/wp-json\/wp\/v2\/comments?post=5283"}],"version-history":[{"count":4,"href":"https:\/\/uli-freese.de\/neu\/wp-json\/wp\/v2\/posts\/5283\/revisions"}],"predecessor-version":[{"id":5349,"href":"https:\/\/uli-freese.de\/neu\/wp-json\/wp\/v2\/posts\/5283\/revisions\/5349"}],"wp:featuredmedia":[{"embeddable":true,"href":"https:\/\/uli-freese.de\/neu\/wp-json\/wp\/v2\/media\/5286"}],"wp:attachment":[{"href":"https:\/\/uli-freese.de\/neu\/wp-json\/wp\/v2\/media?parent=5283"}],"wp:term":[{"taxonomy":"category","embeddable":true,"href":"https:\/\/uli-freese.de\/neu\/wp-json\/wp\/v2\/categories?post=5283"},{"taxonomy":"post_tag","embeddable":true,"href":"https:\/\/uli-freese.de\/neu\/wp-json\/wp\/v2\/tags?post=5283"}],"curies":[{"name":"wp","href":"https:\/\/api.w.org\/{rel}","templated":true}]}}